{"id":311080,"date":"2026-03-11T22:12:02","date_gmt":"2026-03-12T01:12:02","guid":{"rendered":"https:\/\/www.caririemacao.com\/1\/?p=311080"},"modified":"2026-03-11T22:12:02","modified_gmt":"2026-03-12T01:12:02","slug":"prefeito-de-boa-vista-e-grupo-politico-anunciam-apoio-a-pre-candidatura-de-lucas-ribeiro-ao-governo-da-paraiba","status":"publish","type":"post","link":"https:\/\/www.caririemacao.com\/1\/2026\/03\/11\/prefeito-de-boa-vista-e-grupo-politico-anunciam-apoio-a-pre-candidatura-de-lucas-ribeiro-ao-governo-da-paraiba\/","title":{"rendered":"Prefeito de Boa Vista e grupo pol\u00edtico anunciam apoio \u00e0 pr\u00e9-candidatura de Lucas Ribeiro ao Governo da Para\u00edba"},"content":{"rendered":"<p>Uma novidade nos bastidores da pol\u00edtica movimentou o cen\u00e1rio do Cariri paraibano e tamb\u00e9m da Para\u00edba nesta quarta-feira (11). O prefeito de Boa Vista, Fernando Aires, anunciou oficialmente apoio \u00e0 pr\u00e9-candidatura de Lucas Ribeiro ao Governo da Para\u00edba nas elei\u00e7\u00f5es de 2026.<\/p>\n<p>O an\u00fancio foi feito por meio das redes sociais do gestor municipal, que esteve reunido com Lucas Ribeiro ao lado de todo o seu grupo pol\u00edtico.<\/p>\n<p>Participaram do encontro o presidente da C\u00e2mara Municipal, o vereador Izenaldo Vitorino (Zeninho), al\u00e9m dos vereadores(as) e suplentes que integram a base governista.<\/p>\n<figure class=\"wp-block-gallery has-nested-images columns-1 is-cropped wp-block-gallery-1 is-layout-flex wp-block-gallery-is-layout-flex\">\n<figure class=\"wp-block-image size-large\"><img fetchpriority=\"high\" decoding=\"async\" class=\"wp-image-158341\" src=\"https:\/\/deolhonocariri.com.br\/wp-content\/uploads\/2026\/03\/6baaaafd-a49c-4723-a6ca-6760d3565f5c-1024x998.jpg\" sizes=\"(max-width: 1024px) 100vw, 1024px\" srcset=\"https:\/\/deolhonocariri.com.br\/wp-content\/uploads\/2026\/03\/6baaaafd-a49c-4723-a6ca-6760d3565f5c-1024x998.jpg 1024w, https:\/\/deolhonocariri.com.br\/wp-content\/uploads\/2026\/03\/6baaaafd-a49c-4723-a6ca-6760d3565f5c-600x585.jpg 600w, https:\/\/deolhonocariri.com.br\/wp-content\/uploads\/2026\/03\/6baaaafd-a49c-4723-a6ca-6760d3565f5c-400x390.jpg 400w, https:\/\/deolhonocariri.com.br\/wp-content\/uploads\/2026\/03\/6baaaafd-a49c-4723-a6ca-6760d3565f5c-768x749.jpg 768w, https:\/\/deolhonocariri.com.br\/wp-content\/uploads\/2026\/03\/6baaaafd-a49c-4723-a6ca-6760d3565f5c.jpg 1242w\" alt=\"\" width=\"1024\" height=\"998\" data-id=\"158341\" \/><\/figure>\n<p>&nbsp;<\/p>\n<figure class=\"wp-block-image size-large\"><img decoding=\"async\" class=\"wp-image-158342 lazyload\" data-src=\"https:\/\/deolhonocariri.com.br\/wp-content\/uploads\/2026\/03\/4815117a-1b3b-4ad9-8aff-c91b2d046a35-1024x1022.jpg\" data-sizes=\"(max-width: 1024px) 100vw, 1024px\" data-srcset=\"https:\/\/deolhonocariri.com.br\/wp-content\/uploads\/2026\/03\/4815117a-1b3b-4ad9-8aff-c91b2d046a35-1024x1022.jpg 1024w, https:\/\/deolhonocariri.com.br\/wp-content\/uploads\/2026\/03\/4815117a-1b3b-4ad9-8aff-c91b2d046a35-600x600.jpg 600w, https:\/\/deolhonocariri.com.br\/wp-content\/uploads\/2026\/03\/4815117a-1b3b-4ad9-8aff-c91b2d046a35-400x400.jpg 400w, https:\/\/deolhonocariri.com.br\/wp-content\/uploads\/2026\/03\/4815117a-1b3b-4ad9-8aff-c91b2d046a35-768x767.jpg 768w, https:\/\/deolhonocariri.com.br\/wp-content\/uploads\/2026\/03\/4815117a-1b3b-4ad9-8aff-c91b2d046a35.jpg 1242w\" alt=\"\" width=\"1024\" height=\"1022\" data-id=\"158342\" src=\"data:image\/svg+xml;base64,PHN2ZyB3aWR0aD0iMSIgaGVpZ2h0PSIxIiB4bWxucz0iaHR0cDovL3d3dy53My5vcmcvMjAwMC9zdmciPjwvc3ZnPg==\" style=\"--smush-placeholder-width: 1024px; --smush-placeholder-aspect-ratio: 1024\/1022;\" \/><\/figure>\n<p>&nbsp;<\/figure>\n<p>Em suas redes sociais, Fernando Aires que \u00e9 filiado ao partido Republicanos, destacou que a decis\u00e3o foi constru\u00edda por meio do di\u00e1logo e pensando no futuro do munic\u00edpio. Segundo o prefeito, o apoio tem como objetivo fortalecer parcerias que possam garantir mais desenvolvimento, oportunidades, investimentos e qualidade de vida para a popula\u00e7\u00e3o boavistense.<\/p>\n<p>\u201cEssa decis\u00e3o foi constru\u00edda com di\u00e1logo e responsabilidade, pensando sempre no futuro de Boa Vista e na continuidade de parcerias importantes para o desenvolvimento da nossa cidade\u201d, destacou o gestor boavistense.<\/p>\n<p>Fernando tamb\u00e9m ressaltou que o grupo pol\u00edtico segue unido e fortalecido, trabalhando com responsabilidade e compromisso para construir uma cidade cada vez melhor.<\/p>\n<p>Com o an\u00fancio, Lucas Ribeiro amplia sua base de apoios na regi\u00e3o do Cariri paraibano e segue articulando alian\u00e7as rumo \u00e0 disputa eleitoral de 2026.<\/p>\n<p>&nbsp;<\/p>\n<p><strong>CARIRI EM A\u00c7\u00c3O<\/strong><\/p>\n<p><em>Com De Olho no Cariri<\/em><\/p>\n","protected":false},"excerpt":{"rendered":"<p>Uma novidade nos bastidores da pol\u00edtica movimentou o cen\u00e1rio do Cariri paraibano e tamb\u00e9m da Para\u00edba nesta quarta-feira (11). O prefeito de Boa Vista, Fernando&hellip; <\/p>\n","protected":false},"author":6,"featured_media":311081,"comment_status":"closed","ping_status":"closed","sticky":false,"template":"","format":"standard","meta":{"sfsi_plus_gutenberg_text_before_share":"","sfsi_plus_gutenberg_show_text_before_share":"","sfsi_plus_gutenberg_icon_type":"","sfsi_plus_gutenberg_icon_alignemt":"","sfsi_plus_gutenburg_max_per_row":"","footnotes":""},"categories":[158,50,2,11],"tags":[],"class_list":["post-311080","post","type-post","status-publish","format-standard","has-post-thumbnail","hentry","category-boa-vista-2","category-destaque","category-geral","category-politica"],"_links":{"self":[{"href":"https:\/\/www.caririemacao.com\/1\/wp-json\/wp\/v2\/posts\/311080","targetHints":{"allow":["GET"]}}],"collection":[{"href":"https:\/\/www.caririemacao.com\/1\/wp-json\/wp\/v2\/posts"}],"about":[{"href":"https:\/\/www.caririemacao.com\/1\/wp-json\/wp\/v2\/types\/post"}],"author":[{"embeddable":true,"href":"https:\/\/www.caririemacao.com\/1\/wp-json\/wp\/v2\/users\/6"}],"replies":[{"embeddable":true,"href":"https:\/\/www.caririemacao.com\/1\/wp-json\/wp\/v2\/comments?post=311080"}],"version-history":[{"count":1,"href":"https:\/\/www.caririemacao.com\/1\/wp-json\/wp\/v2\/posts\/311080\/revisions"}],"predecessor-version":[{"id":311082,"href":"https:\/\/www.caririemacao.com\/1\/wp-json\/wp\/v2\/posts\/311080\/revisions\/311082"}],"wp:featuredmedia":[{"embeddable":true,"href":"https:\/\/www.caririemacao.com\/1\/wp-json\/wp\/v2\/media\/311081"}],"wp:attachment":[{"href":"https:\/\/www.caririemacao.com\/1\/wp-json\/wp\/v2\/media?parent=311080"}],"wp:term":[{"taxonomy":"category","embeddable":true,"href":"https:\/\/www.caririemacao.com\/1\/wp-json\/wp\/v2\/categories?post=311080"},{"taxonomy":"post_tag","embeddable":true,"href":"https:\/\/www.caririemacao.com\/1\/wp-json\/wp\/v2\/tags?post=311080"}],"curies":[{"name":"wp","href":"https:\/\/api.w.org\/{rel}","templated":true}]}}