{"id":311094,"date":"2026-03-12T08:04:59","date_gmt":"2026-03-12T11:04:59","guid":{"rendered":"https:\/\/www.caririemacao.com\/1\/?p=311094"},"modified":"2026-03-12T08:04:59","modified_gmt":"2026-03-12T11:04:59","slug":"celebra-joao-pessoa-2026-acontece-em-agosto-com-instituto-hesed","status":"publish","type":"post","link":"https:\/\/www.caririemacao.com\/1\/2026\/03\/12\/celebra-joao-pessoa-2026-acontece-em-agosto-com-instituto-hesed\/","title":{"rendered":"Celebra Jo\u00e3o Pessoa 2026 acontece em agosto com Instituto Hesed"},"content":{"rendered":"<div id=\"chunk-e2lch\">\n<div class=\"mc-column content-text active-extra-styles \" data-block-type=\"unstyled\" data-block-weight=\"39\" data-block-id=\"3\">\n<p class=\" content-text__container \" data-track-category=\"Link no Texto\" data-track-links=\"\">A programa\u00e7\u00e3o do Celebra\u00a0Jo\u00e3o Pessoa\u00a02026 foi anunciada nesta quarta-feira (11) pela Arquidiocese da Para\u00edba. O evento est\u00e1 previsto para acontecer no dia 1\u00ba de agosto, no Busto de Tamandar\u00e9, e ter\u00e1 como principal atra\u00e7\u00e3o o Instituto Hesed.<\/p>\n<\/div>\n<\/div>\n<div class=\"wall protected-content\">\n<div id=\"chunk-36h67\">\n<div class=\"mc-column content-text active-extra-styles \" data-block-type=\"unstyled\" data-block-weight=\"40\" data-block-id=\"5\">\n<p class=\" content-text__container \" data-track-category=\"Link no Texto\" data-track-links=\"\">Esta ser\u00e1 a segunda edi\u00e7\u00e3o do evento, que re\u00fane fi\u00e9is cat\u00f3licos para momentos de ora\u00e7\u00e3o e Eucaristia. Durante o Celebra Jo\u00e3o Pessoa 2026, tamb\u00e9m est\u00e1 prevista a visita da imagem de S\u00e3o Miguel Arcanjo e a consagra\u00e7\u00e3o de Jo\u00e3o Pessoa.<\/p>\n<\/div>\n<\/div>\n<div id=\"chunk-5jjs\">\n<div class=\"mc-column content-text active-extra-styles \" data-block-type=\"unstyled\" data-block-weight=\"29\" data-block-id=\"7\">\n<p class=\" content-text__container \" data-track-category=\"Link no Texto\" data-track-links=\"\">O arcebispo dom Delson afirmou que o encontro ter\u00e1 a proposta de incentivar os fi\u00e9is a se colocarem na presen\u00e7a de Deus e da imagem de S\u00e3o Miguel Arcanjo.<\/p>\n<p class=\" content-text__container \" data-track-category=\"Link no Texto\" data-track-links=\"\"><span style=\"font-size: 16px; letter-spacing: 0.5px;\">&#8220;Ser\u00e1 uma noite com momentos de ora\u00e7\u00e3o, celebra\u00e7\u00e3o de Eucaristia, adora\u00e7\u00e3o e muita m\u00fasica. Mensagem de f\u00e9 e uma grande motiva\u00e7\u00e3o para que nos coloquemos na presen\u00e7a de Deus e da imagem de S\u00e3o Miguel Arcanjo&#8221;, disse.<\/span><\/p>\n<\/div>\n<\/div>\n<div id=\"chunk-6ve5v\">\n<div class=\"mc-column content-text active-extra-styles \" data-block-type=\"unstyled\" data-block-weight=\"22\" data-block-id=\"10\">\n<p class=\" content-text__container \" data-track-category=\"Link no Texto\" data-track-links=\"\">A edi\u00e7\u00e3o de 2026 ser\u00e1 realizada dentro da programa\u00e7\u00e3o da festa em homenagem a Nossa Senhora das Neves, padroeira da capital paraibana.<\/p>\n<\/div>\n<\/div>\n<div id=\"chunk-78tn3\">\n<div class=\"mc-column content-text active-extra-styles\" data-block-type=\"raw\" data-block-weight=\"7\" data-block-id=\"11\">\n<div class=\"content-intertitle\">\n<h2>Instituto Hesed est\u00e1 entre as presen\u00e7as confirmadas<\/h2>\n<\/div>\n<\/div>\n<\/div>\n<div id=\"chunk-au4jv\">\n<div class=\"mc-column content-text active-extra-styles \" data-block-type=\"unstyled\" data-block-weight=\"33\" data-block-id=\"12\">\n<p class=\" content-text__container \" data-track-category=\"Link no Texto\" data-track-links=\"\">Uma das principais atra\u00e7\u00f5es confirmadas \u00e9 o Instituto Hesed, conhecido entre fi\u00e9is cat\u00f3licos em todo o pa\u00eds. Uma das fundadoras da congrega\u00e7\u00e3o religiosa estar\u00e1 presente no Celebra 2026, a Irm\u00e3 Kelly Patr\u00edcia.<\/p>\n<\/div>\n<\/div>\n<div id=\"chunk-642oi\">\n<div class=\"mc-column content-text active-extra-styles \" data-block-type=\"unstyled\" data-block-weight=\"23\" data-block-id=\"13\">\n<p class=\" content-text__container \" data-track-category=\"Link no Texto\" data-track-links=\"\">Tamb\u00e9m estar\u00e3o presentes as religiosas Irm\u00e3 Maria Raquel e Irm\u00e3 Maria Joana, que participam de a\u00e7\u00f5es de evangeliza\u00e7\u00e3o em v\u00e1rias regi\u00f5es do Brasil.<\/p>\n<\/div>\n<\/div>\n<div id=\"chunk-2us88\">\n<div class=\"mc-column content-text active-extra-styles \" data-block-type=\"unstyled\" data-block-weight=\"45\" data-block-id=\"14\">\n<p class=\" content-text__container \" data-track-category=\"Link no Texto\" data-track-links=\"\">O Instituto Hesed atua com foco na vida de ora\u00e7\u00e3o, contempla\u00e7\u00e3o e miss\u00e3o evangelizadora. A comunidade tamb\u00e9m promove a devo\u00e7\u00e3o a S\u00e3o Miguel Arcanjo por meio do Ex\u00e9rcito de S\u00e3o Miguel, movimento que re\u00fane fi\u00e9is em atividades de espiritualidade e consagra\u00e7\u00f5es realizadas em diferentes dioceses.<\/p>\n<\/div>\n<\/div>\n<div id=\"chunk-3v9jb\">\n<div class=\"mc-column content-text active-extra-styles \" data-block-type=\"unstyled\" data-block-weight=\"30\" data-block-id=\"15\">\n<p class=\" content-text__container \" data-track-category=\"Link no Texto\" data-track-links=\"\">Em 2025, a atra\u00e7\u00e3o principal do evento foi o show de Frei Gilson. Na ocasi\u00e3o, milhares de pessoas acompanharam a apresenta\u00e7\u00e3o no Busto de Tamandar\u00e9 durante o Celebra Jo\u00e3o Pessoa.<\/p>\n<\/div>\n<\/div>\n<\/div>\n<p data-track-category=\"Link no Texto\" data-track-links=\"\">\n<p data-track-category=\"Link no Texto\" data-track-links=\"\">G1\/PB<\/p>\n","protected":false},"excerpt":{"rendered":"<p>A programa\u00e7\u00e3o do Celebra\u00a0Jo\u00e3o Pessoa\u00a02026 foi anunciada nesta quarta-feira (11) pela Arquidiocese da Para\u00edba. O evento est\u00e1 previsto para acontecer no dia 1\u00ba de agosto,&hellip; <\/p>\n","protected":false},"author":6,"featured_media":311095,"comment_status":"closed","ping_status":"closed","sticky":false,"template":"","format":"standard","meta":{"sfsi_plus_gutenberg_text_before_share":"","sfsi_plus_gutenberg_show_text_before_share":"","sfsi_plus_gutenberg_icon_type":"","sfsi_plus_gutenberg_icon_alignemt":"","sfsi_plus_gutenburg_max_per_row":"","footnotes":""},"categories":[50,2,104],"tags":[],"class_list":["post-311094","post","type-post","status-publish","format-standard","has-post-thumbnail","hentry","category-destaque","category-geral","category-paraiba"],"_links":{"self":[{"href":"https:\/\/www.caririemacao.com\/1\/wp-json\/wp\/v2\/posts\/311094","targetHints":{"allow":["GET"]}}],"collection":[{"href":"https:\/\/www.caririemacao.com\/1\/wp-json\/wp\/v2\/posts"}],"about":[{"href":"https:\/\/www.caririemacao.com\/1\/wp-json\/wp\/v2\/types\/post"}],"author":[{"embeddable":true,"href":"https:\/\/www.caririemacao.com\/1\/wp-json\/wp\/v2\/users\/6"}],"replies":[{"embeddable":true,"href":"https:\/\/www.caririemacao.com\/1\/wp-json\/wp\/v2\/comments?post=311094"}],"version-history":[{"count":1,"href":"https:\/\/www.caririemacao.com\/1\/wp-json\/wp\/v2\/posts\/311094\/revisions"}],"predecessor-version":[{"id":311096,"href":"https:\/\/www.caririemacao.com\/1\/wp-json\/wp\/v2\/posts\/311094\/revisions\/311096"}],"wp:featuredmedia":[{"embeddable":true,"href":"https:\/\/www.caririemacao.com\/1\/wp-json\/wp\/v2\/media\/311095"}],"wp:attachment":[{"href":"https:\/\/www.caririemacao.com\/1\/wp-json\/wp\/v2\/media?parent=311094"}],"wp:term":[{"taxonomy":"category","embeddable":true,"href":"https:\/\/www.caririemacao.com\/1\/wp-json\/wp\/v2\/categories?post=311094"},{"taxonomy":"post_tag","embeddable":true,"href":"https:\/\/www.caririemacao.com\/1\/wp-json\/wp\/v2\/tags?post=311094"}],"curies":[{"name":"wp","href":"https:\/\/api.w.org\/{rel}","templated":true}]}}