{"id":311097,"date":"2026-03-12T08:08:51","date_gmt":"2026-03-12T11:08:51","guid":{"rendered":"https:\/\/www.caririemacao.com\/1\/?p=311097"},"modified":"2026-03-12T08:08:51","modified_gmt":"2026-03-12T11:08:51","slug":"caravana-do-programa-cidadao-visita-tres-cidades-do-cariri-na-proxima-semana-confira-quais-serao","status":"publish","type":"post","link":"https:\/\/www.caririemacao.com\/1\/2026\/03\/12\/caravana-do-programa-cidadao-visita-tres-cidades-do-cariri-na-proxima-semana-confira-quais-serao\/","title":{"rendered":"Caravana do Programa Cidad\u00e3o visita tr\u00eas cidades do Cariri na pr\u00f3xima semana; confira quais ser\u00e3o"},"content":{"rendered":"<p>A caravana do Programa Cidad\u00e3o, da Secretaria de Estado do Desenvolvimento Humano (Sedh), estar\u00e1 nas cidades de Amparo, Ouro Velho e Zabel\u00ea, na pr\u00f3xima semana, ofertando \u00e0 popula\u00e7\u00e3o vulner\u00e1vel a oportunidade de retirar, gratuitamente, a documenta\u00e7\u00e3o b\u00e1sica, ampliando cidadania pela Para\u00edba.<\/p>\n<p>Na segunda-feira (16), a a\u00e7\u00e3o itinerante vai contemplar o munic\u00edpio de Amparo (na Escola Municipal Tertulina N\u00f3brega); na ter\u00e7a-feira (17) o Programa estar\u00e1 em Ouro Velho (na Escola Municipal Jacinto Dantas) e, no dia seguinte, em Zabel\u00ea (na Escola Municipal Maria Bezerra).<\/p>\n<p>A popula\u00e7\u00e3o poder\u00e1 retirar: Carteira de Identidade Nacional (CIN); Carteira de Trabalho Digital; 2\u00aa Via do CPF e Foto 3\u00d74. Se solteiro, basta levar o Registro de Nascimento; se casado, apresentar a Certid\u00e3o de Casamento; se for divorciado, levar a Certid\u00e3o de Casamento com averba\u00e7\u00e3o de div\u00f3rcio; j\u00e1 em caso de viuvez, \u00e9 preciso levar a Certid\u00e3o de Casamento e o Atestado de \u00d3bito. Em qualquer uma dessas situa\u00e7\u00f5es, \u00e9 necess\u00e1rio apresentar tamb\u00e9m um comprovante de resid\u00eancia recente e o CPF. E aten\u00e7\u00e3o: todos os documentos precisam ser originais ou c\u00f3pias autenticadas em cart\u00f3rio.<\/p>\n<p>O Programa Cidad\u00e3o retomou as caravanas deste ano neste m\u00eas de mar\u00e7o, beneficiando inicialmente a popula\u00e7\u00e3o das cidades de Parari, S\u00e3o Jos\u00e9 dos Cordeiros e Coxixola, quando foi emitido um total de 1.247 documentos b\u00e1sicos.<\/p>\n","protected":false},"excerpt":{"rendered":"<p>A caravana do Programa Cidad\u00e3o, da Secretaria de Estado do Desenvolvimento Humano (Sedh), estar\u00e1 nas cidades de Amparo, Ouro Velho e Zabel\u00ea, na pr\u00f3xima semana,&hellip; <\/p>\n","protected":false},"author":6,"featured_media":311098,"comment_status":"closed","ping_status":"closed","sticky":false,"template":"","format":"standard","meta":{"sfsi_plus_gutenberg_text_before_share":"","sfsi_plus_gutenberg_show_text_before_share":"","sfsi_plus_gutenberg_icon_type":"","sfsi_plus_gutenberg_icon_alignemt":"","sfsi_plus_gutenburg_max_per_row":"","footnotes":""},"categories":[106,50,2],"tags":[],"class_list":["post-311097","post","type-post","status-publish","format-standard","has-post-thumbnail","hentry","category-cariri","category-destaque","category-geral"],"_links":{"self":[{"href":"https:\/\/www.caririemacao.com\/1\/wp-json\/wp\/v2\/posts\/311097","targetHints":{"allow":["GET"]}}],"collection":[{"href":"https:\/\/www.caririemacao.com\/1\/wp-json\/wp\/v2\/posts"}],"about":[{"href":"https:\/\/www.caririemacao.com\/1\/wp-json\/wp\/v2\/types\/post"}],"author":[{"embeddable":true,"href":"https:\/\/www.caririemacao.com\/1\/wp-json\/wp\/v2\/users\/6"}],"replies":[{"embeddable":true,"href":"https:\/\/www.caririemacao.com\/1\/wp-json\/wp\/v2\/comments?post=311097"}],"version-history":[{"count":1,"href":"https:\/\/www.caririemacao.com\/1\/wp-json\/wp\/v2\/posts\/311097\/revisions"}],"predecessor-version":[{"id":311100,"href":"https:\/\/www.caririemacao.com\/1\/wp-json\/wp\/v2\/posts\/311097\/revisions\/311100"}],"wp:featuredmedia":[{"embeddable":true,"href":"https:\/\/www.caririemacao.com\/1\/wp-json\/wp\/v2\/media\/311098"}],"wp:attachment":[{"href":"https:\/\/www.caririemacao.com\/1\/wp-json\/wp\/v2\/media?parent=311097"}],"wp:term":[{"taxonomy":"category","embeddable":true,"href":"https:\/\/www.caririemacao.com\/1\/wp-json\/wp\/v2\/categories?post=311097"},{"taxonomy":"post_tag","embeddable":true,"href":"https:\/\/www.caririemacao.com\/1\/wp-json\/wp\/v2\/tags?post=311097"}],"curies":[{"name":"wp","href":"https:\/\/api.w.org\/{rel}","templated":true}]}}