{"id":311099,"date":"2026-03-12T08:10:26","date_gmt":"2026-03-12T11:10:26","guid":{"rendered":"https:\/\/www.caririemacao.com\/1\/?p=311099"},"modified":"2026-03-12T08:10:26","modified_gmt":"2026-03-12T11:10:26","slug":"colisao-entre-motocicletas-deixa-tres-feridos-na-pb-264-em-monteiro","status":"publish","type":"post","link":"https:\/\/www.caririemacao.com\/1\/2026\/03\/12\/colisao-entre-motocicletas-deixa-tres-feridos-na-pb-264-em-monteiro\/","title":{"rendered":"Colis\u00e3o entre motocicletas deixa tr\u00eas feridos na PB-264, em Monteiro"},"content":{"rendered":"<p>Um acidente envolvendo tr\u00eas motocicletas deixou tr\u00eas pessoas feridas na noite desta quarta-feira (12), na rodovia PB-264, nas proximidades do s\u00edtio Serrote, no munic\u00edpio de Monteiro, no Cariri paraibano.<\/p>\n<p>De acordo com informa\u00e7\u00f5es preliminares, a colis\u00e3o ocorreu quando uma das motocicletas bateu na traseira de outra moto que estava acoplada a um reboque. Em seguida, uma terceira motocicleta tamb\u00e9m acabou se envolvendo no acidente.<\/p>\n<p>O Servi\u00e7o de Atendimento M\u00f3vel de Urg\u00eancia (Samu) foi acionado e realizou os primeiros socorros ainda no local da ocorr\u00eancia. Ap\u00f3s o atendimento inicial, as tr\u00eas v\u00edtimas foram encaminhadas para o Hospital Regional de Monteiro, onde passaram por avalia\u00e7\u00e3o m\u00e9dica.<\/p>\n<p>At\u00e9 o momento, n\u00e3o h\u00e1 informa\u00e7\u00f5es detalhadas sobre o estado de sa\u00fade dos envolvidos. As circunst\u00e2ncias do acidente dever\u00e3o ser apuradas.<\/p>\n<p>&nbsp;<\/p>\n<p><strong>CARIRI EM A\u00c7\u00c3O<\/strong><\/p>\n<p><em>Com O Pipoco<\/em><\/p>\n","protected":false},"excerpt":{"rendered":"<p>Um acidente envolvendo tr\u00eas motocicletas deixou tr\u00eas pessoas feridas na noite desta quarta-feira (12), na rodovia PB-264, nas proximidades do s\u00edtio Serrote, no munic\u00edpio de&hellip; <\/p>\n","protected":false},"author":6,"featured_media":311101,"comment_status":"closed","ping_status":"closed","sticky":false,"template":"","format":"standard","meta":{"sfsi_plus_gutenberg_text_before_share":"","sfsi_plus_gutenberg_show_text_before_share":"","sfsi_plus_gutenberg_icon_type":"","sfsi_plus_gutenberg_icon_alignemt":"","sfsi_plus_gutenburg_max_per_row":"","footnotes":""},"categories":[50,2,81,12],"tags":[],"class_list":["post-311099","post","type-post","status-publish","format-standard","has-post-thumbnail","hentry","category-destaque","category-geral","category-monteiro","category-policia"],"_links":{"self":[{"href":"https:\/\/www.caririemacao.com\/1\/wp-json\/wp\/v2\/posts\/311099","targetHints":{"allow":["GET"]}}],"collection":[{"href":"https:\/\/www.caririemacao.com\/1\/wp-json\/wp\/v2\/posts"}],"about":[{"href":"https:\/\/www.caririemacao.com\/1\/wp-json\/wp\/v2\/types\/post"}],"author":[{"embeddable":true,"href":"https:\/\/www.caririemacao.com\/1\/wp-json\/wp\/v2\/users\/6"}],"replies":[{"embeddable":true,"href":"https:\/\/www.caririemacao.com\/1\/wp-json\/wp\/v2\/comments?post=311099"}],"version-history":[{"count":1,"href":"https:\/\/www.caririemacao.com\/1\/wp-json\/wp\/v2\/posts\/311099\/revisions"}],"predecessor-version":[{"id":311102,"href":"https:\/\/www.caririemacao.com\/1\/wp-json\/wp\/v2\/posts\/311099\/revisions\/311102"}],"wp:featuredmedia":[{"embeddable":true,"href":"https:\/\/www.caririemacao.com\/1\/wp-json\/wp\/v2\/media\/311101"}],"wp:attachment":[{"href":"https:\/\/www.caririemacao.com\/1\/wp-json\/wp\/v2\/media?parent=311099"}],"wp:term":[{"taxonomy":"category","embeddable":true,"href":"https:\/\/www.caririemacao.com\/1\/wp-json\/wp\/v2\/categories?post=311099"},{"taxonomy":"post_tag","embeddable":true,"href":"https:\/\/www.caririemacao.com\/1\/wp-json\/wp\/v2\/tags?post=311099"}],"curies":[{"name":"wp","href":"https:\/\/api.w.org\/{rel}","templated":true}]}}