{"id":311103,"date":"2026-03-12T08:12:53","date_gmt":"2026-03-12T11:12:53","guid":{"rendered":"https:\/\/www.caririemacao.com\/1\/?p=311103"},"modified":"2026-03-12T08:12:53","modified_gmt":"2026-03-12T11:12:53","slug":"deputado-paraibano-e-processado-pelo-pt-que-pede-r-30-mil-de-indenizacao-parlamentar-reage-maioria-sao-vagabundos","status":"publish","type":"post","link":"https:\/\/www.caririemacao.com\/1\/2026\/03\/12\/deputado-paraibano-e-processado-pelo-pt-que-pede-r-30-mil-de-indenizacao-parlamentar-reage-maioria-sao-vagabundos\/","title":{"rendered":"Deputado paraibano \u00e9 processado pelo PT que pede R$ 30 mil de indeniza\u00e7\u00e3o; parlamentar reage: \u201cMaioria s\u00e3o vagabundos\u201d"},"content":{"rendered":"<p>O deputado paraibano e atual l\u00edder da oposi\u00e7\u00e3o na C\u00e2mara dos Deputados, Cabo Gilberto Silva (PL-PB), criticou, ontem (11), uma a\u00e7\u00e3o judicial movida pelo Partido dos Trabalhadores (PT) contra ele, por declara\u00e7\u00f5es contra o presidente Luiz In\u00e1cio Lula da Silva (PT). De acordo com o parlamentar, a a\u00e7\u00e3o pede o pagamento de uma indeniza\u00e7\u00e3o no valor de R$ 30 mil por danos morais.<\/p>\n<p>Cabo reagiu \u00e0s acusa\u00e7\u00f5es e afirmou que n\u00e3o generaliza todos os integrantes do partido, mas fez cr\u00edticas duras \u00e0 legenda. \u201cEu n\u00e3o vou generalizar todo o PT at\u00e9 porque tem pessoas que a gente consegue dialogar, mas a grande maioria s\u00e3o de vagabundos. Eles est\u00e3o tentando tirar R$ 30 mil de indeniza\u00e7\u00e3o. Por qu\u00ea? Qual foi o crime que eu cometi?\u201d, afirmou ao destacar ainda que as declara\u00e7\u00f5es foram feitas durante sess\u00e3o amparadas, segundo ele, pelo artigo 53 da Constitui\u00e7\u00e3o Federal, que trata da imunidade parlamentar.<\/p>\n<p>\u201cEu falei na CPMI com base no artigo 53 da Constitui\u00e7\u00e3o que Lula era ex-presidi\u00e1rio, \u2018descondenado\u2019, usava o STF como escudo e o judicialismo de coaliz\u00e3o, e eles foram l\u00e1 e entraram na justi\u00e7a\u201d, comentou Gilberto, pontuando que n\u00e3o se intimida com as a\u00e7\u00f5es judiciais movidas por partidos advers\u00e1rios. \u201cEu rasguei como rasguei todos do Psol, eu rasgo todos esses processos desmoralizados. Rasguei e se eles querem dinheiro, que fossem trabalhar\u201d, finalizou.<\/p>\n<p>&nbsp;<\/p>\n<p>PB Agora<\/p>\n","protected":false},"excerpt":{"rendered":"<p>O deputado paraibano e atual l\u00edder da oposi\u00e7\u00e3o na C\u00e2mara dos Deputados, Cabo Gilberto Silva (PL-PB), criticou, ontem (11), uma a\u00e7\u00e3o judicial movida pelo Partido&hellip; <\/p>\n","protected":false},"author":6,"featured_media":311104,"comment_status":"closed","ping_status":"closed","sticky":false,"template":"","format":"standard","meta":{"sfsi_plus_gutenberg_text_before_share":"","sfsi_plus_gutenberg_show_text_before_share":"","sfsi_plus_gutenberg_icon_type":"","sfsi_plus_gutenberg_icon_alignemt":"","sfsi_plus_gutenburg_max_per_row":"","footnotes":""},"categories":[50,2,104,11],"tags":[],"class_list":["post-311103","post","type-post","status-publish","format-standard","has-post-thumbnail","hentry","category-destaque","category-geral","category-paraiba","category-politica"],"_links":{"self":[{"href":"https:\/\/www.caririemacao.com\/1\/wp-json\/wp\/v2\/posts\/311103","targetHints":{"allow":["GET"]}}],"collection":[{"href":"https:\/\/www.caririemacao.com\/1\/wp-json\/wp\/v2\/posts"}],"about":[{"href":"https:\/\/www.caririemacao.com\/1\/wp-json\/wp\/v2\/types\/post"}],"author":[{"embeddable":true,"href":"https:\/\/www.caririemacao.com\/1\/wp-json\/wp\/v2\/users\/6"}],"replies":[{"embeddable":true,"href":"https:\/\/www.caririemacao.com\/1\/wp-json\/wp\/v2\/comments?post=311103"}],"version-history":[{"count":1,"href":"https:\/\/www.caririemacao.com\/1\/wp-json\/wp\/v2\/posts\/311103\/revisions"}],"predecessor-version":[{"id":311105,"href":"https:\/\/www.caririemacao.com\/1\/wp-json\/wp\/v2\/posts\/311103\/revisions\/311105"}],"wp:featuredmedia":[{"embeddable":true,"href":"https:\/\/www.caririemacao.com\/1\/wp-json\/wp\/v2\/media\/311104"}],"wp:attachment":[{"href":"https:\/\/www.caririemacao.com\/1\/wp-json\/wp\/v2\/media?parent=311103"}],"wp:term":[{"taxonomy":"category","embeddable":true,"href":"https:\/\/www.caririemacao.com\/1\/wp-json\/wp\/v2\/categories?post=311103"},{"taxonomy":"post_tag","embeddable":true,"href":"https:\/\/www.caririemacao.com\/1\/wp-json\/wp\/v2\/tags?post=311103"}],"curies":[{"name":"wp","href":"https:\/\/api.w.org\/{rel}","templated":true}]}}