{"id":311106,"date":"2026-03-12T08:21:29","date_gmt":"2026-03-12T11:21:29","guid":{"rendered":"https:\/\/www.caririemacao.com\/1\/?p=311106"},"modified":"2026-03-12T08:21:52","modified_gmt":"2026-03-12T11:21:52","slug":"prefeitura-de-congo-lanca-oficialmente-a-2a-edicao-do-congo-ta-na-moda-2026","status":"publish","type":"post","link":"https:\/\/www.caririemacao.com\/1\/2026\/03\/12\/prefeitura-de-congo-lanca-oficialmente-a-2a-edicao-do-congo-ta-na-moda-2026\/","title":{"rendered":"Prefeitura de Congo lan\u00e7a oficialmente a 2\u00aa edi\u00e7\u00e3o do \u201cCongo T\u00e1 na Moda 2026\u201d"},"content":{"rendered":"<p data-start=\"111\" data-end=\"404\">A Prefeitura Municipal de Congo, no Cariri, realizou na noite da \u00faltima quarta-feira (11) o lan\u00e7amento oficial da 2\u00aa edi\u00e7\u00e3o do projeto \u201cCongo T\u00e1 na Moda 2026\u201d, iniciativa que busca fortalecer a cadeia produtiva da confec\u00e7\u00e3o e valorizar o empreendedorismo local.<\/p>\n<p data-start=\"406\" data-end=\"668\">O evento aconteceu no SCFV (Clube 15 de Maio) e reuniu empreendedores do setor de confec\u00e7\u00e3o, autoridades pol\u00edticas, lideran\u00e7as locais e a popula\u00e7\u00e3o em geral, em um momento marcado por planejamento, incentivo \u00e0 economia e valoriza\u00e7\u00e3o da produ\u00e7\u00e3o regional.<\/p>\n<p data-start=\"406\" data-end=\"668\"><img fetchpriority=\"high\" decoding=\"async\" class=\" wp-image-311108 aligncenter\" src=\"https:\/\/www.caririemacao.com\/1\/wp-content\/uploads\/2026\/03\/WhatsApp-Image-2026-03-12-at-07.45.36-300x225.jpeg\" alt=\"\" width=\"383\" height=\"287\" srcset=\"https:\/\/www.caririemacao.com\/1\/wp-content\/uploads\/2026\/03\/WhatsApp-Image-2026-03-12-at-07.45.36-300x225.jpeg 300w, https:\/\/www.caririemacao.com\/1\/wp-content\/uploads\/2026\/03\/WhatsApp-Image-2026-03-12-at-07.45.36-768x576.jpeg 768w, https:\/\/www.caririemacao.com\/1\/wp-content\/uploads\/2026\/03\/WhatsApp-Image-2026-03-12-at-07.45.36.jpeg 1280w\" sizes=\"(max-width: 383px) 100vw, 383px\" \/><\/p>\n<p data-start=\"670\" data-end=\"896\">A solenidade contou com a presen\u00e7a da prefeita Flavinha Sousa, do deputado estadual Dr. Romualdo Quirino, al\u00e9m de vereadores, secret\u00e1rios municipais, auxiliares da gest\u00e3o municipal e membros da comunidade em geral.<\/p>\n<p data-start=\"898\" data-end=\"1222\">Durante o encontro, tamb\u00e9m foi apresentado o Plano de A\u00e7\u00e3o Territorial (PAT) da Confec\u00e7\u00e3o \u2013 \u201cPano pra Manga\u201d, iniciativa do Programa de Desenvolvimento Territorial (Prodeter), desenvolvido pelo Banco do Nordeste, que tem como objetivo impulsionar e fortalecer a cadeia produtiva da confec\u00e7\u00e3o no Cariri Ocidental.<\/p>\n<p data-start=\"1224\" data-end=\"1387\">Em entrevista, a prefeita Flavinha Sousa destacou o crescimento da produ\u00e7\u00e3o t\u00eaxtil no munic\u00edpio e o impacto positivo que o setor vem gerando na economia local.<\/p>\n<p data-start=\"1224\" data-end=\"1387\"><img decoding=\"async\" class=\"wp-image-311109 aligncenter lazyload\" data-src=\"https:\/\/www.caririemacao.com\/1\/wp-content\/uploads\/2026\/03\/WhatsApp-Image-2026-03-12-at-07.45.37-1-300x225.jpeg\" alt=\"\" width=\"372\" height=\"279\" data-srcset=\"https:\/\/www.caririemacao.com\/1\/wp-content\/uploads\/2026\/03\/WhatsApp-Image-2026-03-12-at-07.45.37-1-300x225.jpeg 300w, https:\/\/www.caririemacao.com\/1\/wp-content\/uploads\/2026\/03\/WhatsApp-Image-2026-03-12-at-07.45.37-1-768x576.jpeg 768w, https:\/\/www.caririemacao.com\/1\/wp-content\/uploads\/2026\/03\/WhatsApp-Image-2026-03-12-at-07.45.37-1.jpeg 1280w\" data-sizes=\"(max-width: 372px) 100vw, 372px\" src=\"data:image\/svg+xml;base64,PHN2ZyB3aWR0aD0iMSIgaGVpZ2h0PSIxIiB4bWxucz0iaHR0cDovL3d3dy53My5vcmcvMjAwMC9zdmciPjwvc3ZnPg==\" style=\"--smush-placeholder-width: 372px; --smush-placeholder-aspect-ratio: 372\/279;\" \/><\/p>\n<p data-start=\"1389\" data-end=\"1616\">Segundo a gestora, a cidade tem se fortalecido cada vez mais na \u00e1rea da confec\u00e7\u00e3o, com aumento da produ\u00e7\u00e3o e amplia\u00e7\u00e3o do n\u00famero de pessoas envolvidas na atividade, o que contribui diretamente para a gera\u00e7\u00e3o de emprego e renda.<\/p>\n<p data-start=\"1618\" data-end=\"2035\">\u201cEstamos muito felizes em realizar o lan\u00e7amento da segunda edi\u00e7\u00e3o do Congo T\u00e1 na Moda. Esse projeto tem uma import\u00e2ncia enorme para o fortalecimento da nossa economia, especialmente para quem trabalha com a confec\u00e7\u00e3o em nosso munic\u00edpio e em toda a regi\u00e3o. Eventos como esse ajudam a dar visibilidade ao trabalho dos nossos produtores e mostram o potencial que o Congo tem dentro da cadeia produtiva da moda\u201d, afirmou.<\/p>\n<p data-start=\"2037\" data-end=\"2207\">Quem tamb\u00e9m ressaltou a import\u00e2ncia da iniciativa foi o deputado estadual Dr. Romualdo Quirino, que destacou a for\u00e7a da produ\u00e7\u00e3o t\u00eaxtil do munic\u00edpio durante o evento.<\/p>\n<p data-start=\"2209\" data-end=\"2445\">Segundo o parlamentar, Congo possui uma participa\u00e7\u00e3o significativa na cadeia produtiva da confec\u00e7\u00e3o na regi\u00e3o, contando com costureiros, empreendedores e pequenos produtores que contribuem para o desenvolvimento econ\u00f4mico do Cariri.<\/p>\n<p data-start=\"2209\" data-end=\"2445\"><img decoding=\"async\" class=\"wp-image-311110 aligncenter lazyload\" data-src=\"https:\/\/www.caririemacao.com\/1\/wp-content\/uploads\/2026\/03\/WhatsApp-Image-2026-03-12-at-07.45.36-1-300x225.jpeg\" alt=\"\" width=\"360\" height=\"270\" data-srcset=\"https:\/\/www.caririemacao.com\/1\/wp-content\/uploads\/2026\/03\/WhatsApp-Image-2026-03-12-at-07.45.36-1-300x225.jpeg 300w, https:\/\/www.caririemacao.com\/1\/wp-content\/uploads\/2026\/03\/WhatsApp-Image-2026-03-12-at-07.45.36-1-768x576.jpeg 768w, https:\/\/www.caririemacao.com\/1\/wp-content\/uploads\/2026\/03\/WhatsApp-Image-2026-03-12-at-07.45.36-1.jpeg 1280w\" data-sizes=\"(max-width: 360px) 100vw, 360px\" src=\"data:image\/svg+xml;base64,PHN2ZyB3aWR0aD0iMSIgaGVpZ2h0PSIxIiB4bWxucz0iaHR0cDovL3d3dy53My5vcmcvMjAwMC9zdmciPjwvc3ZnPg==\" style=\"--smush-placeholder-width: 360px; --smush-placeholder-aspect-ratio: 360\/270;\" \/><\/p>\n<p data-start=\"2447\" data-end=\"2608\">Ele destacou ainda que eventos como o Congo T\u00e1 na Moda s\u00e3o fundamentais para valorizar esse potencial e dar ainda mais visibilidade ao setor produtivo local.<\/p>\n<p data-start=\"2610\" data-end=\"2915\" data-is-last-node=\"\" data-is-only-node=\"\">O lan\u00e7amento reuniu autoridades, empres\u00e1rios do ramo da confec\u00e7\u00e3o e representantes de institui\u00e7\u00f5es que apoiam o desenvolvimento econ\u00f4mico do Cariri, refor\u00e7ando a import\u00e2ncia da iniciativa para o fortalecimento da economia local e para a gera\u00e7\u00e3o de novas oportunidades para os empreendedores da regi\u00e3o.<\/p>\n<p data-start=\"2610\" data-end=\"2915\" data-is-last-node=\"\" data-is-only-node=\"\"><strong>CARIRI EM A\u00c7\u00c3O<\/strong><\/p>\n","protected":false},"excerpt":{"rendered":"<p>A Prefeitura Municipal de Congo, no Cariri, realizou na noite da \u00faltima quarta-feira (11) o lan\u00e7amento oficial da 2\u00aa edi\u00e7\u00e3o do projeto \u201cCongo T\u00e1 na&hellip; <\/p>\n","protected":false},"author":6,"featured_media":311107,"comment_status":"closed","ping_status":"closed","sticky":false,"template":"","format":"standard","meta":{"sfsi_plus_gutenberg_text_before_share":"","sfsi_plus_gutenberg_show_text_before_share":"","sfsi_plus_gutenberg_icon_type":"","sfsi_plus_gutenberg_icon_alignemt":"","sfsi_plus_gutenburg_max_per_row":"","footnotes":""},"categories":[74,50,2],"tags":[],"class_list":["post-311106","post","type-post","status-publish","format-standard","has-post-thumbnail","hentry","category-congo","category-destaque","category-geral"],"_links":{"self":[{"href":"https:\/\/www.caririemacao.com\/1\/wp-json\/wp\/v2\/posts\/311106","targetHints":{"allow":["GET"]}}],"collection":[{"href":"https:\/\/www.caririemacao.com\/1\/wp-json\/wp\/v2\/posts"}],"about":[{"href":"https:\/\/www.caririemacao.com\/1\/wp-json\/wp\/v2\/types\/post"}],"author":[{"embeddable":true,"href":"https:\/\/www.caririemacao.com\/1\/wp-json\/wp\/v2\/users\/6"}],"replies":[{"embeddable":true,"href":"https:\/\/www.caririemacao.com\/1\/wp-json\/wp\/v2\/comments?post=311106"}],"version-history":[{"count":2,"href":"https:\/\/www.caririemacao.com\/1\/wp-json\/wp\/v2\/posts\/311106\/revisions"}],"predecessor-version":[{"id":311112,"href":"https:\/\/www.caririemacao.com\/1\/wp-json\/wp\/v2\/posts\/311106\/revisions\/311112"}],"wp:featuredmedia":[{"embeddable":true,"href":"https:\/\/www.caririemacao.com\/1\/wp-json\/wp\/v2\/media\/311107"}],"wp:attachment":[{"href":"https:\/\/www.caririemacao.com\/1\/wp-json\/wp\/v2\/media?parent=311106"}],"wp:term":[{"taxonomy":"category","embeddable":true,"href":"https:\/\/www.caririemacao.com\/1\/wp-json\/wp\/v2\/categories?post=311106"},{"taxonomy":"post_tag","embeddable":true,"href":"https:\/\/www.caririemacao.com\/1\/wp-json\/wp\/v2\/tags?post=311106"}],"curies":[{"name":"wp","href":"https:\/\/api.w.org\/{rel}","templated":true}]}}