{"id":311116,"date":"2026-03-12T10:31:21","date_gmt":"2026-03-12T13:31:21","guid":{"rendered":"https:\/\/www.caririemacao.com\/1\/?p=311116"},"modified":"2026-03-12T10:31:21","modified_gmt":"2026-03-12T13:31:21","slug":"prefeito-genival-queiroz-anuncia-criacao-do-festival-de-brega-de-parari-o-bregari-durante-aniversario-da-cidade","status":"publish","type":"post","link":"https:\/\/www.caririemacao.com\/1\/2026\/03\/12\/prefeito-genival-queiroz-anuncia-criacao-do-festival-de-brega-de-parari-o-bregari-durante-aniversario-da-cidade\/","title":{"rendered":"Prefeito Genival Queiroz anuncia cria\u00e7\u00e3o do Festival de Brega de Parari, o \u201cBregari\u201d, durante anivers\u00e1rio da cidade"},"content":{"rendered":"<p>O prefeito de Parari, Genival Queiroz, anunciou uma grande novidade que promete marcar a programa\u00e7\u00e3o festiva do munic\u00edpio. A tradicional festa de anivers\u00e1rio da cidade ganhar\u00e1 um novo formato e ser\u00e1 transformada no Festival de Brega de Parari, batizado de \u201cBregari\u201d.<\/p>\n<p>De acordo com o gestor, a proposta \u00e9 inovadora e pioneira na regi\u00e3o do Cariri Paraibano, que passar\u00e1 a contar pela primeira vez com um festival dedicado exclusivamente ao g\u00eanero musical brega, reunindo artistas de renome nacional em uma noite especial de celebra\u00e7\u00e3o.<\/p>\n<p>Segundo o prefeito, o objetivo \u00e9 fortalecer a cultura popular, valorizar o entretenimento e transformar o anivers\u00e1rio da cidade em um evento ainda maior, capaz de atrair p\u00fablico de diversos munic\u00edpios da regi\u00e3o.<\/p>\n<p>\u201cEstamos preparando algo diferente para nossa cidade. A festa de anivers\u00e1rio de Parari ser\u00e1 transformada no Festival de Brega de Parari, o Bregari. Ser\u00e1 um momento especial, com grandes nomes da m\u00fasica nacional e pensado para todas as fam\u00edlias do nosso Cariri\u201d, destacou Genival.<\/p>\n<p>A expectativa da gest\u00e3o municipal \u00e9 que o evento tamb\u00e9m contribua para movimentar a economia local, impulsionando o com\u00e9rcio e fortalecendo o turismo durante o per\u00edodo festivo.<\/p>\n<p>O prefeito adiantou que nos pr\u00f3ximos dias dever\u00e3o ser divulgadas as datas oficiais e as atra\u00e7\u00f5es nacionais que ir\u00e3o compor a programa\u00e7\u00e3o do festival, que j\u00e1 nasce com a proposta de se tornar uma das maiores festas da regi\u00e3o.<\/p>\n<p>Assessoria<\/p>\n","protected":false},"excerpt":{"rendered":"<p>O prefeito de Parari, Genival Queiroz, anunciou uma grande novidade que promete marcar a programa\u00e7\u00e3o festiva do munic\u00edpio. A tradicional festa de anivers\u00e1rio da cidade&hellip; <\/p>\n","protected":false},"author":6,"featured_media":311117,"comment_status":"closed","ping_status":"closed","sticky":false,"template":"","format":"standard","meta":{"sfsi_plus_gutenberg_text_before_share":"","sfsi_plus_gutenberg_show_text_before_share":"","sfsi_plus_gutenberg_icon_type":"","sfsi_plus_gutenberg_icon_alignemt":"","sfsi_plus_gutenburg_max_per_row":"","footnotes":""},"categories":[50,2,83],"tags":[],"class_list":["post-311116","post","type-post","status-publish","format-standard","has-post-thumbnail","hentry","category-destaque","category-geral","category-parari"],"_links":{"self":[{"href":"https:\/\/www.caririemacao.com\/1\/wp-json\/wp\/v2\/posts\/311116","targetHints":{"allow":["GET"]}}],"collection":[{"href":"https:\/\/www.caririemacao.com\/1\/wp-json\/wp\/v2\/posts"}],"about":[{"href":"https:\/\/www.caririemacao.com\/1\/wp-json\/wp\/v2\/types\/post"}],"author":[{"embeddable":true,"href":"https:\/\/www.caririemacao.com\/1\/wp-json\/wp\/v2\/users\/6"}],"replies":[{"embeddable":true,"href":"https:\/\/www.caririemacao.com\/1\/wp-json\/wp\/v2\/comments?post=311116"}],"version-history":[{"count":1,"href":"https:\/\/www.caririemacao.com\/1\/wp-json\/wp\/v2\/posts\/311116\/revisions"}],"predecessor-version":[{"id":311118,"href":"https:\/\/www.caririemacao.com\/1\/wp-json\/wp\/v2\/posts\/311116\/revisions\/311118"}],"wp:featuredmedia":[{"embeddable":true,"href":"https:\/\/www.caririemacao.com\/1\/wp-json\/wp\/v2\/media\/311117"}],"wp:attachment":[{"href":"https:\/\/www.caririemacao.com\/1\/wp-json\/wp\/v2\/media?parent=311116"}],"wp:term":[{"taxonomy":"category","embeddable":true,"href":"https:\/\/www.caririemacao.com\/1\/wp-json\/wp\/v2\/categories?post=311116"},{"taxonomy":"post_tag","embeddable":true,"href":"https:\/\/www.caririemacao.com\/1\/wp-json\/wp\/v2\/tags?post=311116"}],"curies":[{"name":"wp","href":"https:\/\/api.w.org\/{rel}","templated":true}]}}