{"id":311119,"date":"2026-03-12T12:41:25","date_gmt":"2026-03-12T15:41:25","guid":{"rendered":"https:\/\/www.caririemacao.com\/1\/?p=311119"},"modified":"2026-03-12T12:41:25","modified_gmt":"2026-03-12T15:41:25","slug":"camara-de-sao-joao-do-tigre-aprova-projetos-e-requerimento-durante-sessao-ordinaria-desta-quinta-feira-12","status":"publish","type":"post","link":"https:\/\/www.caririemacao.com\/1\/2026\/03\/12\/camara-de-sao-joao-do-tigre-aprova-projetos-e-requerimento-durante-sessao-ordinaria-desta-quinta-feira-12\/","title":{"rendered":"C\u00e2mara de S\u00e3o Jo\u00e3o do Tigre aprova projetos e requerimento durante sess\u00e3o ordin\u00e1ria desta quinta-feira (12)"},"content":{"rendered":"<p data-start=\"113\" data-end=\"415\">A C\u00e2mara Municipal de S\u00e3o Jo\u00e3o do Tigre realizou, na manh\u00e3 desta quinta-feira (12), mais uma sess\u00e3o ordin\u00e1ria para aprecia\u00e7\u00e3o de mat\u00e9rias de interesse da popula\u00e7\u00e3o tigrense. Na oportunidade, os vereadores analisaram e aprovaram projetos de lei, requerimento e mo\u00e7\u00e3o apresentados durante a pauta do dia.<\/p>\n<p data-start=\"417\" data-end=\"744\">Entre as mat\u00e9rias aprovadas est\u00e1 o Requerimento n\u00ba 006\/2026, de autoria do vereador Sergio Freitas, que solicita ao Poder Executivo Municipal a indica\u00e7\u00e3o de um projeto de lei voltado \u00e0 cria\u00e7\u00e3o da Pol\u00edtica Municipal de apoio e incentivo \u00e0s mulheres no esporte no munic\u00edpio de S\u00e3o Jo\u00e3o do Tigre.<\/p>\n<p data-start=\"746\" data-end=\"1379\">Na justificativa, o parlamentar destaca que a proposta tem como objetivo incentivar e ampliar a participa\u00e7\u00e3o feminina nas atividades esportivas do munic\u00edpio. Segundo ele, a iniciativa busca promover igualdade de oportunidades, valoriza\u00e7\u00e3o das atletas e maior acesso de mulheres e meninas \u00e0s pr\u00e1ticas esportivas. O vereador ressaltou ainda que o esporte \u00e9 uma importante ferramenta de inclus\u00e3o social, promo\u00e7\u00e3o da sa\u00fade e fortalecimento da cidadania, e que uma pol\u00edtica p\u00fablica voltada ao incentivo do esporte feminino pode contribuir para o surgimento de novos talentos e para a valoriza\u00e7\u00e3o da participa\u00e7\u00e3o das mulheres na sociedade.<\/p>\n<p data-start=\"1381\" data-end=\"1743\">Tamb\u00e9m foi aprovada a Mo\u00e7\u00e3o de Aplausos n\u00ba 002\/2026, igualmente apresentada pelo vereador Sergio Freitas, direcionada ao senhor Manuel Messias da Silva. A homenagem reconhece o relevante trabalho prestado ao munic\u00edpio de S\u00e3o Jo\u00e3o do Tigre, especialmente por sua atua\u00e7\u00e3o como ex-vereador e pela dedica\u00e7\u00e3o \u00e0s atividades agr\u00edcolas.<\/p>\n<p data-start=\"1745\" data-end=\"2164\">De acordo com a justificativa da mo\u00e7\u00e3o, Manuel Messias se destaca pelo compromisso com o desenvolvimento de projetos voltados \u00e0 agricultura e \u00e0 cultura, \u00e1reas consideradas fundamentais para a economia local e para o fortalecimento da agricultura familiar. O vereador ressaltou ainda que sua atua\u00e7\u00e3o contribuiu para incentivar produtores rurais, gerar oportunidades e promover o desenvolvimento sustent\u00e1vel no munic\u00edpio.<\/p>\n<p data-start=\"2166\" data-end=\"2585\">Durante a sess\u00e3o, os parlamentares tamb\u00e9m aprovaram projetos encaminhados pelo Poder Executivo Municipal. Entre eles, o Projeto de Lei Complementar n\u00ba 001\/2026, que trata da concess\u00e3o de incentivos tribut\u00e1rios municipais destinados \u00e0 implanta\u00e7\u00e3o do empreendimento habitacional de interesse social denominado Morada da Cidadania, em \u00e1rea institu\u00edda como Zona Especial de Interesse Social (ZEIS) no munic\u00edpio.<\/p>\n<p data-start=\"2587\" data-end=\"2932\">Outro projeto aprovado foi o Projeto de Lei n\u00ba 007\/2026, que disp\u00f5e sobre a cria\u00e7\u00e3o de uma Zona Especial de Interesse Social (ZEIS) para implanta\u00e7\u00e3o do empreendimento habitacional Morada da Cidadania, estabelecendo par\u00e2metros urban\u00edsticos espec\u00edficos para a \u00e1rea destinada ao projeto habitacional voltado \u00e0 popula\u00e7\u00e3o de interesse social.<\/p>\n<p data-start=\"2934\" data-end=\"3267\">Os vereadores tamb\u00e9m aprovaram o Projeto de Lei n\u00ba 006\/2026, que altera dispositivos da Lei Municipal n\u00ba 352\/2009, respons\u00e1vel pela organiza\u00e7\u00e3o da estrutura administrativa do Poder Executivo, com a finalidade de criar novos cargos na Secretaria Municipal de Educa\u00e7\u00e3o, incluindo fun\u00e7\u00f5es como divis\u00e3o e ger\u00eancia de unidade escolar.<\/p>\n<p data-start=\"3269\" data-end=\"3557\" data-is-last-node=\"\" data-is-only-node=\"\">Ap\u00f3s a aprecia\u00e7\u00e3o e vota\u00e7\u00e3o de todas as mat\u00e9rias constantes na pauta do dia, o presidente da C\u00e2mara Municipal, vereador Arn\u00f3bio Pereira, agradeceu a presen\u00e7a dos demais parlamentares e das pessoas que acompanharam os trabalhos legislativos, declarando oficialmente encerrada a sess\u00e3o.<\/p>\n<p data-start=\"3269\" data-end=\"3557\" data-is-last-node=\"\" data-is-only-node=\"\">\n<p data-start=\"3269\" data-end=\"3557\" data-is-last-node=\"\" data-is-only-node=\"\"><strong>CARIRI EM A\u00c7\u00c3O<\/strong><\/p>\n","protected":false},"excerpt":{"rendered":"<p>A C\u00e2mara Municipal de S\u00e3o Jo\u00e3o do Tigre realizou, na manh\u00e3 desta quinta-feira (12), mais uma sess\u00e3o ordin\u00e1ria para aprecia\u00e7\u00e3o de mat\u00e9rias de interesse da&hellip; <\/p>\n","protected":false},"author":6,"featured_media":311120,"comment_status":"closed","ping_status":"closed","sticky":false,"template":"","format":"standard","meta":{"sfsi_plus_gutenberg_text_before_share":"","sfsi_plus_gutenberg_show_text_before_share":"","sfsi_plus_gutenberg_icon_type":"","sfsi_plus_gutenberg_icon_alignemt":"","sfsi_plus_gutenburg_max_per_row":"","footnotes":""},"categories":[50,2,89],"tags":[],"class_list":["post-311119","post","type-post","status-publish","format-standard","has-post-thumbnail","hentry","category-destaque","category-geral","category-sao-joao-do-tigre"],"_links":{"self":[{"href":"https:\/\/www.caririemacao.com\/1\/wp-json\/wp\/v2\/posts\/311119","targetHints":{"allow":["GET"]}}],"collection":[{"href":"https:\/\/www.caririemacao.com\/1\/wp-json\/wp\/v2\/posts"}],"about":[{"href":"https:\/\/www.caririemacao.com\/1\/wp-json\/wp\/v2\/types\/post"}],"author":[{"embeddable":true,"href":"https:\/\/www.caririemacao.com\/1\/wp-json\/wp\/v2\/users\/6"}],"replies":[{"embeddable":true,"href":"https:\/\/www.caririemacao.com\/1\/wp-json\/wp\/v2\/comments?post=311119"}],"version-history":[{"count":1,"href":"https:\/\/www.caririemacao.com\/1\/wp-json\/wp\/v2\/posts\/311119\/revisions"}],"predecessor-version":[{"id":311121,"href":"https:\/\/www.caririemacao.com\/1\/wp-json\/wp\/v2\/posts\/311119\/revisions\/311121"}],"wp:featuredmedia":[{"embeddable":true,"href":"https:\/\/www.caririemacao.com\/1\/wp-json\/wp\/v2\/media\/311120"}],"wp:attachment":[{"href":"https:\/\/www.caririemacao.com\/1\/wp-json\/wp\/v2\/media?parent=311119"}],"wp:term":[{"taxonomy":"category","embeddable":true,"href":"https:\/\/www.caririemacao.com\/1\/wp-json\/wp\/v2\/categories?post=311119"},{"taxonomy":"post_tag","embeddable":true,"href":"https:\/\/www.caririemacao.com\/1\/wp-json\/wp\/v2\/tags?post=311119"}],"curies":[{"name":"wp","href":"https:\/\/api.w.org\/{rel}","templated":true}]}}