{"id":311122,"date":"2026-03-12T12:43:38","date_gmt":"2026-03-12T15:43:38","guid":{"rendered":"https:\/\/www.caririemacao.com\/1\/?p=311122"},"modified":"2026-03-12T12:43:38","modified_gmt":"2026-03-12T15:43:38","slug":"prefeita-pollyanna-abreu-e-governadora-raquel-lyra-fortalecem-parceria-pela-saude-da-mulher-com-acao-cuida-pe-mulher-em-sertania","status":"publish","type":"post","link":"https:\/\/www.caririemacao.com\/1\/2026\/03\/12\/prefeita-pollyanna-abreu-e-governadora-raquel-lyra-fortalecem-parceria-pela-saude-da-mulher-com-acao-cuida-pe-mulher-em-sertania\/","title":{"rendered":"Prefeita Pollyanna Abreu e governadora Raquel Lyra fortalecem parceria pela sa\u00fade da mulher com a\u00e7\u00e3o \u201cCuida PE Mulher\u201d em Sert\u00e2nia"},"content":{"rendered":"<p>A prefeita Pollyanna Abreu acompanhou, na manh\u00e3 desta quarta-feira (12), o in\u00edcio dos atendimentos da a\u00e7\u00e3o Cuida PE Mulher, realizada em Sert\u00e2nia por meio de uma parceria entre a Prefeitura Municipal, atrav\u00e9s da Secretaria de Sa\u00fade, e o Governo de Pernambuco, sob a gest\u00e3o da governadora Raquel Lyra. A iniciativa integra as a\u00e7\u00f5es do m\u00eas dedicado \u00e0s mulheres e amplia o acesso das sertanienses a exames e consultas especializadas.<\/p>\n<p>A unidade m\u00f3vel est\u00e1 instalada na Rua Raul Guimar\u00e3es, pr\u00f3ximo ao Posto de C\u00e9sar, com atendimentos gratuitos entre os dias 12 e 14 de mar\u00e7o, das 8h \u00e0s 17h. A estrutura foi preparada para oferecer servi\u00e7os essenciais de preven\u00e7\u00e3o, diagn\u00f3stico e cuidado com a sa\u00fade da mulher.<\/p>\n<p><em><strong>Entre os atendimentos disponibilizados est\u00e3o:<\/strong><\/em><\/p>\n<p>Mamografia<\/p>\n<p>Ultrassonografia de mama<\/p>\n<p>Colposcopia<\/p>\n<p>Pun\u00e7\u00e3o de n\u00f3dulos de mama guiada por ultrassom<\/p>\n<p>Bi\u00f3psia de les\u00e3o do colo do \u00fatero<\/p>\n<p>Consulta com m\u00e9dico mastologista<\/p>\n<p>A a\u00e7\u00e3o busca ampliar o acesso aos exames preventivos, agilizar diagn\u00f3sticos e reduzir a demanda nas Unidades B\u00e1sicas de Sa\u00fade da Fam\u00edlia (UBSF), garantindo mais agilidade no cuidado com a sa\u00fade das mulheres do munic\u00edpio.<\/p>\n<p>Durante a visita \u00e0 estrutura de atendimento, a prefeita destacou a import\u00e2ncia da parceria institucional para fortalecer as pol\u00edticas p\u00fablicas voltadas \u00e0 sa\u00fade feminina.<\/p>\n<p>\u201cCuidar da sa\u00fade das mulheres \u00e9 uma prioridade da nossa gest\u00e3o. Sabemos que muitas vezes a rotina e as dificuldades de acesso acabam adiando exames importantes. Por isso, a\u00e7\u00f5es como essa aproximam o servi\u00e7o da popula\u00e7\u00e3o e garantem mais preven\u00e7\u00e3o, diagn\u00f3stico precoce e qualidade de vida para as nossas sertanienses\u201d, afirmou Pollyanna Abreu.<\/p>\n<p>A gest\u00e3o municipal refor\u00e7a que iniciativas como o Cuida PE Mulher, desenvolvidas em parceria com o Governo de Pernambuco, fazem parte de um conjunto de a\u00e7\u00f5es voltadas \u00e0 promo\u00e7\u00e3o da sa\u00fade, preven\u00e7\u00e3o de doen\u00e7as e valoriza\u00e7\u00e3o da mulher, ampliando o acesso aos servi\u00e7os especializados e fortalecendo a rede p\u00fablica de atendimento em Sert\u00e2nia.<\/p>\n","protected":false},"excerpt":{"rendered":"<p>A prefeita Pollyanna Abreu acompanhou, na manh\u00e3 desta quarta-feira (12), o in\u00edcio dos atendimentos da a\u00e7\u00e3o Cuida PE Mulher, realizada em Sert\u00e2nia por meio de&hellip; <\/p>\n","protected":false},"author":6,"featured_media":311123,"comment_status":"closed","ping_status":"closed","sticky":false,"template":"","format":"standard","meta":{"sfsi_plus_gutenberg_text_before_share":"","sfsi_plus_gutenberg_show_text_before_share":"","sfsi_plus_gutenberg_icon_type":"","sfsi_plus_gutenberg_icon_alignemt":"","sfsi_plus_gutenburg_max_per_row":"","footnotes":""},"categories":[50,2,94],"tags":[],"class_list":["post-311122","post","type-post","status-publish","format-standard","has-post-thumbnail","hentry","category-destaque","category-geral","category-sertania"],"_links":{"self":[{"href":"https:\/\/www.caririemacao.com\/1\/wp-json\/wp\/v2\/posts\/311122","targetHints":{"allow":["GET"]}}],"collection":[{"href":"https:\/\/www.caririemacao.com\/1\/wp-json\/wp\/v2\/posts"}],"about":[{"href":"https:\/\/www.caririemacao.com\/1\/wp-json\/wp\/v2\/types\/post"}],"author":[{"embeddable":true,"href":"https:\/\/www.caririemacao.com\/1\/wp-json\/wp\/v2\/users\/6"}],"replies":[{"embeddable":true,"href":"https:\/\/www.caririemacao.com\/1\/wp-json\/wp\/v2\/comments?post=311122"}],"version-history":[{"count":1,"href":"https:\/\/www.caririemacao.com\/1\/wp-json\/wp\/v2\/posts\/311122\/revisions"}],"predecessor-version":[{"id":311124,"href":"https:\/\/www.caririemacao.com\/1\/wp-json\/wp\/v2\/posts\/311122\/revisions\/311124"}],"wp:featuredmedia":[{"embeddable":true,"href":"https:\/\/www.caririemacao.com\/1\/wp-json\/wp\/v2\/media\/311123"}],"wp:attachment":[{"href":"https:\/\/www.caririemacao.com\/1\/wp-json\/wp\/v2\/media?parent=311122"}],"wp:term":[{"taxonomy":"category","embeddable":true,"href":"https:\/\/www.caririemacao.com\/1\/wp-json\/wp\/v2\/categories?post=311122"},{"taxonomy":"post_tag","embeddable":true,"href":"https:\/\/www.caririemacao.com\/1\/wp-json\/wp\/v2\/tags?post=311122"}],"curies":[{"name":"wp","href":"https:\/\/api.w.org\/{rel}","templated":true}]}}