{"id":311125,"date":"2026-03-12T12:57:41","date_gmt":"2026-03-12T15:57:41","guid":{"rendered":"https:\/\/www.caririemacao.com\/1\/?p=311125"},"modified":"2026-03-12T12:57:41","modified_gmt":"2026-03-12T15:57:41","slug":"lbv-compartilha-suas-boas-praticas-com-a-onu-durante-a-70a-sessao-da-comissao-sobre-a-situacao-das-mulheres","status":"publish","type":"post","link":"https:\/\/www.caririemacao.com\/1\/2026\/03\/12\/lbv-compartilha-suas-boas-praticas-com-a-onu-durante-a-70a-sessao-da-comissao-sobre-a-situacao-das-mulheres\/","title":{"rendered":"LBV compartilha suas boas pr\u00e1ticas com a ONU durante a 70\u00aa Sess\u00e3o da Comiss\u00e3o sobre a Situa\u00e7\u00e3o das Mulheres"},"content":{"rendered":"<p>De 9 \u00e0 19 de mar\u00e7o de 2026, a Organiza\u00e7\u00e3o das Na\u00e7\u00f5es Unidas (CSW\/ONU) realizar\u00e1, em Nova York\/EUA, a 70\u00aa Sess\u00e3o da Comiss\u00e3o sobre a Situa\u00e7\u00e3o das Mulheres, reafirmando seu compromisso com a promo\u00e7\u00e3o da justi\u00e7a social, da igualdade de g\u00eanero e da prote\u00e7\u00e3o integral dos direitos das mulheres e meninas, especialmente daquelas em situa\u00e7\u00e3o de vulnerabilidade.<\/p>\n<p>O tema priorit\u00e1rio da CSW70 \u00e9 \u201cGarantir e fortalecer o acesso \u00e0 justi\u00e7a para todas as mulheres e meninas, inclusive por meio de sistemas jur\u00eddicos inclusivos e equitativos, eliminando leis, pol\u00edticas e pr\u00e1ticas discriminat\u00f3rias e enfrentando barreiras estruturais\u201d. A sess\u00e3o tamb\u00e9m revisita os compromissos assumidos na 65\u00aa CSW, que tratou da participa\u00e7\u00e3o plena e efetiva das mulheres na vida p\u00fablica e da elimina\u00e7\u00e3o da viol\u00eancia como caminhos para a igualdade de g\u00eanero e o empoderamento feminino.<\/p>\n<p>Com status consultivo no Conselho Econ\u00f4mico e Social das Na\u00e7\u00f5es Unidas (ECOSOC\/ONU), a Legi\u00e3o da Boa Vontade (LBV) apresenta documento com suas boas pr\u00e1ticas e exorta os Estados-Membros da ONU a fortalecerem pol\u00edticas p\u00fablicas e sistemas jur\u00eddicos inclusivos, fundamentados em valores universais como Solidariedade, compaix\u00e3o e respeito \u00e0 dignidade humana. Esses princ\u00edpios \u00e9ticos e ecum\u00eanicos s\u00e3o essenciais para enfrentar desigualdades estruturais e garantir o acesso efetivo \u00e0 justi\u00e7a, \u00e0 participa\u00e7\u00e3o social e \u00e0 prote\u00e7\u00e3o de direitos.<\/p>\n<p>No Brasil, a LBV atua h\u00e1 mais de 76 anos, na promo\u00e7\u00e3o do desenvolvimento social e humano por meio de Centros Comunit\u00e1rios de Assist\u00eancia Social, abrigos para pessoas idosas, escolas de educa\u00e7\u00e3o b\u00e1sica e t\u00e9cnica profissionalizante, al\u00e9m de a\u00e7\u00f5es emergenciais e humanit\u00e1rias, beneficiando milhares de crian\u00e7as, adolescentes, jovens, adultos e idosos em situa\u00e7\u00e3o de vulnerabilidade. Suas iniciativas contribuem diretamente para a prote\u00e7\u00e3o social, o fortalecimento de v\u00ednculos familiares e comunit\u00e1rios e a amplia\u00e7\u00e3o de oportunidades, com especial aten\u00e7\u00e3o \u00e0s mulheres e meninas.<\/p>\n<p>Viabilizada majoritariamente por doa\u00e7\u00f5es espont\u00e2neas da sociedade, a atua\u00e7\u00e3o da LBV no Brasil contribui para o enfrentamento da pobreza, a redu\u00e7\u00e3o das desigualdades sociais e a promo\u00e7\u00e3o da cidadania. Em seu documento, a LBV apresenta o resultado de suas a\u00e7\u00f5es, cuja marca ultrapassou mais de 2,5 milh\u00f5es de pessoas impactadas em todo o pa\u00eds no ano de 2024, sendo mais de 640 mil fam\u00edlias acompanhadas pela Institui\u00e7\u00e3o, al\u00e9m do imprescind\u00edvel apoio de mais de 900 volunt\u00e1rios.<\/p>\n<p>A Institui\u00e7\u00e3o enfatiza ainda a import\u00e2ncia do papel das mulheres, com destaque para as palavras fraternas e ecum\u00eanicas do educador Paiva Netto (1941-2025), presidente de honra e consolidador da LBV: \u201cUma iniciativa j\u00e1 nasce vitoriosa quando tem o apoio e a decisiva atua\u00e7\u00e3o das mulheres. Se espiritualmente iluminadas pelo prop\u00f3sito de melhorar as condi\u00e7\u00f5es de vida dos cidad\u00e3os, a partir do justo e fraterno conv\u00edvio entre eles, nada lhes \u00e9 imposs\u00edvel\u201d.<\/p>\n<p>Ao participar da CSW70, a Legi\u00e3o da Boa Vontade refor\u00e7a seu compromisso com a Agenda 2030 da ONU e com a constru\u00e7\u00e3o de uma sociedade mais justa, equitativa e solid\u00e1ria, na qual mulheres e meninas tenham seus direitos plenamente garantidos.<\/p>\n<p><strong>Sobre a LBV<\/strong><\/p>\n<p>A Legi\u00e3o da Boa Vontade \u00e9 uma associa\u00e7\u00e3o civil de direito privado, beneficente, sem fins econ\u00f4micos, ecum\u00eanica, apol\u00edtica e apartid\u00e1ria, com atua\u00e7\u00e3o preponderante na Assist\u00eancia Social, que tamb\u00e9m oferece Educa\u00e7\u00e3o B\u00e1sica e t\u00e9cnica profissionalizante, al\u00e9m de realizar a\u00e7\u00f5es humanit\u00e1rias, culturais e de comunica\u00e7\u00e3o social e educativa. Em virtude da ampla abrang\u00eancia de seus servi\u00e7os, programas e a\u00e7\u00f5es e da excel\u00eancia no trabalho realizado, a LBV mant\u00e9m rela\u00e7\u00e3o consultiva com a Organiza\u00e7\u00e3o das Na\u00e7\u00f5es Unidas (ONU), desde 1994, por interm\u00e9dio do Departamento de Comunica\u00e7\u00e3o Global (DCG) desse organismo internacional e, desde 1999, com o Conselho Econ\u00f4mico e Social (Ecosoc) das Na\u00e7\u00f5es Unidas, no qual a Institui\u00e7\u00e3o possui status consultivo geral.<\/p>\n","protected":false},"excerpt":{"rendered":"<p>De 9 \u00e0 19 de mar\u00e7o de 2026, a Organiza\u00e7\u00e3o das Na\u00e7\u00f5es Unidas (CSW\/ONU) realizar\u00e1, em Nova York\/EUA, a 70\u00aa Sess\u00e3o da Comiss\u00e3o sobre a&hellip; <\/p>\n","protected":false},"author":6,"featured_media":311126,"comment_status":"closed","ping_status":"closed","sticky":false,"template":"","format":"standard","meta":{"sfsi_plus_gutenberg_text_before_share":"","sfsi_plus_gutenberg_show_text_before_share":"","sfsi_plus_gutenberg_icon_type":"","sfsi_plus_gutenberg_icon_alignemt":"","sfsi_plus_gutenburg_max_per_row":"","footnotes":""},"categories":[50,2,104],"tags":[],"class_list":["post-311125","post","type-post","status-publish","format-standard","has-post-thumbnail","hentry","category-destaque","category-geral","category-paraiba"],"_links":{"self":[{"href":"https:\/\/www.caririemacao.com\/1\/wp-json\/wp\/v2\/posts\/311125","targetHints":{"allow":["GET"]}}],"collection":[{"href":"https:\/\/www.caririemacao.com\/1\/wp-json\/wp\/v2\/posts"}],"about":[{"href":"https:\/\/www.caririemacao.com\/1\/wp-json\/wp\/v2\/types\/post"}],"author":[{"embeddable":true,"href":"https:\/\/www.caririemacao.com\/1\/wp-json\/wp\/v2\/users\/6"}],"replies":[{"embeddable":true,"href":"https:\/\/www.caririemacao.com\/1\/wp-json\/wp\/v2\/comments?post=311125"}],"version-history":[{"count":1,"href":"https:\/\/www.caririemacao.com\/1\/wp-json\/wp\/v2\/posts\/311125\/revisions"}],"predecessor-version":[{"id":311127,"href":"https:\/\/www.caririemacao.com\/1\/wp-json\/wp\/v2\/posts\/311125\/revisions\/311127"}],"wp:featuredmedia":[{"embeddable":true,"href":"https:\/\/www.caririemacao.com\/1\/wp-json\/wp\/v2\/media\/311126"}],"wp:attachment":[{"href":"https:\/\/www.caririemacao.com\/1\/wp-json\/wp\/v2\/media?parent=311125"}],"wp:term":[{"taxonomy":"category","embeddable":true,"href":"https:\/\/www.caririemacao.com\/1\/wp-json\/wp\/v2\/categories?post=311125"},{"taxonomy":"post_tag","embeddable":true,"href":"https:\/\/www.caririemacao.com\/1\/wp-json\/wp\/v2\/tags?post=311125"}],"curies":[{"name":"wp","href":"https:\/\/api.w.org\/{rel}","templated":true}]}}