{"id":311128,"date":"2026-03-12T12:59:27","date_gmt":"2026-03-12T15:59:27","guid":{"rendered":"https:\/\/www.caririemacao.com\/1\/?p=311128"},"modified":"2026-03-12T12:59:27","modified_gmt":"2026-03-12T15:59:27","slug":"prefeito-felicio-queiroz-conquista-mais-recursos-para-saude-de-sao-jose-dos-cordeiros","status":"publish","type":"post","link":"https:\/\/www.caririemacao.com\/1\/2026\/03\/12\/prefeito-felicio-queiroz-conquista-mais-recursos-para-saude-de-sao-jose-dos-cordeiros\/","title":{"rendered":"Prefeito Fel\u00edcio Queiroz conquista mais recursos para sa\u00fade de S\u00e3o Jos\u00e9 dos Cordeiros"},"content":{"rendered":"<p>O prefeito de Fel\u00edcio Queiroz anunciou mais uma importante conquista para a sa\u00fade p\u00fablica de S\u00e3o Jos\u00e9 dos Cordeiros. Por meio da articula\u00e7\u00e3o junto ao deputado federal Luiz Couto, o munic\u00edpio foi contemplado com a destina\u00e7\u00e3o de R$ 514.090,00 para o Programa de Aten\u00e7\u00e3o Prim\u00e1ria (PAP), recurso voltado ao custeio dos servi\u00e7os de sa\u00fade.<\/p>\n<p>O investimento chega para refor\u00e7ar as a\u00e7\u00f5es da rede municipal, contribuindo para a manuten\u00e7\u00e3o dos atendimentos e garantindo melhores condi\u00e7\u00f5es de trabalho para as equipes de sa\u00fade, al\u00e9m de ampliar a qualidade dos servi\u00e7os oferecidos \u00e0 popula\u00e7\u00e3o.<\/p>\n<p>De acordo com o prefeito Fel\u00edcio Queiroz, a parceria com o parlamentar tem sido fundamental para fortalecer a sa\u00fade do munic\u00edpio e garantir novos investimentos para a popula\u00e7\u00e3o cordeirense.<\/p>\n<p>\u201cSeguimos trabalhando com responsabilidade e buscando parcerias importantes que tragam benef\u00edcios reais para o nosso povo, especialmente na \u00e1rea da sa\u00fade, que \u00e9 uma das nossas prioridades\u201d, destacou o gestor.<\/p>\n<p>Com mais esse recurso assegurado, a gest\u00e3o municipal reafirma o compromisso de continuar buscando investimentos e melhorias que contribuam para o desenvolvimento de S\u00e3o Jos\u00e9 dos Cordeiros e para o bem-estar da popula\u00e7\u00e3o.<\/p>\n<p>Ascom &#8211; PMSJC<\/p>\n","protected":false},"excerpt":{"rendered":"<p>O prefeito de Fel\u00edcio Queiroz anunciou mais uma importante conquista para a sa\u00fade p\u00fablica de S\u00e3o Jos\u00e9 dos Cordeiros. Por meio da articula\u00e7\u00e3o junto ao&hellip; <\/p>\n","protected":false},"author":6,"featured_media":311129,"comment_status":"closed","ping_status":"closed","sticky":false,"template":"","format":"standard","meta":{"sfsi_plus_gutenberg_text_before_share":"","sfsi_plus_gutenberg_show_text_before_share":"","sfsi_plus_gutenberg_icon_type":"","sfsi_plus_gutenberg_icon_alignemt":"","sfsi_plus_gutenburg_max_per_row":"","footnotes":""},"categories":[50,2,91],"tags":[],"class_list":["post-311128","post","type-post","status-publish","format-standard","has-post-thumbnail","hentry","category-destaque","category-geral","category-sao-jose-dos-cordeiros"],"_links":{"self":[{"href":"https:\/\/www.caririemacao.com\/1\/wp-json\/wp\/v2\/posts\/311128","targetHints":{"allow":["GET"]}}],"collection":[{"href":"https:\/\/www.caririemacao.com\/1\/wp-json\/wp\/v2\/posts"}],"about":[{"href":"https:\/\/www.caririemacao.com\/1\/wp-json\/wp\/v2\/types\/post"}],"author":[{"embeddable":true,"href":"https:\/\/www.caririemacao.com\/1\/wp-json\/wp\/v2\/users\/6"}],"replies":[{"embeddable":true,"href":"https:\/\/www.caririemacao.com\/1\/wp-json\/wp\/v2\/comments?post=311128"}],"version-history":[{"count":1,"href":"https:\/\/www.caririemacao.com\/1\/wp-json\/wp\/v2\/posts\/311128\/revisions"}],"predecessor-version":[{"id":311130,"href":"https:\/\/www.caririemacao.com\/1\/wp-json\/wp\/v2\/posts\/311128\/revisions\/311130"}],"wp:featuredmedia":[{"embeddable":true,"href":"https:\/\/www.caririemacao.com\/1\/wp-json\/wp\/v2\/media\/311129"}],"wp:attachment":[{"href":"https:\/\/www.caririemacao.com\/1\/wp-json\/wp\/v2\/media?parent=311128"}],"wp:term":[{"taxonomy":"category","embeddable":true,"href":"https:\/\/www.caririemacao.com\/1\/wp-json\/wp\/v2\/categories?post=311128"},{"taxonomy":"post_tag","embeddable":true,"href":"https:\/\/www.caririemacao.com\/1\/wp-json\/wp\/v2\/tags?post=311128"}],"curies":[{"name":"wp","href":"https:\/\/api.w.org\/{rel}","templated":true}]}}