{"id":311131,"date":"2026-03-12T16:24:06","date_gmt":"2026-03-12T19:24:06","guid":{"rendered":"https:\/\/www.caririemacao.com\/1\/?p=311131"},"modified":"2026-03-12T16:24:06","modified_gmt":"2026-03-12T19:24:06","slug":"serra-branca-ganha-projecao-nacional-e-se-consolida-como-um-dos-municipios-que-mais-avancam-no-interior-da-paraiba","status":"publish","type":"post","link":"https:\/\/www.caririemacao.com\/1\/2026\/03\/12\/serra-branca-ganha-projecao-nacional-e-se-consolida-como-um-dos-municipios-que-mais-avancam-no-interior-da-paraiba\/","title":{"rendered":"Serra Branca ganha proje\u00e7\u00e3o nacional e se consolida como um dos munic\u00edpios que mais avan\u00e7am no interior da Para\u00edba"},"content":{"rendered":"<p>Serra Branca, no cora\u00e7\u00e3o do Cariri paraibano, vive um momento hist\u00f3rico de transforma\u00e7\u00e3o que come\u00e7a a ultrapassar as fronteiras da Para\u00edba e ganhar repercuss\u00e3o em todo o pa\u00eds. O munic\u00edpio foi recentemente destaque em reportagem publicada pelo tradicional jornal Gazeta de S\u00e3o Paulo (S\u00e3o Paulo\/SP), que evidenciou o ciclo de desenvolvimento e moderniza\u00e7\u00e3o que a cidade vem experimentando nos \u00faltimos anos.<\/p>\n<p>A mat\u00e9ria destaca que Serra Branca passa por um processo acelerado de crescimento urbano e estrutural, resultado de investimentos consistentes em infraestrutura, servi\u00e7os p\u00fablicos e qualidade de vida da popula\u00e7\u00e3o. O reconhecimento nacional coloca o munic\u00edpio no radar de ve\u00edculos de comunica\u00e7\u00e3o e refor\u00e7a o protagonismo da cidade no cen\u00e1rio regional.<\/p>\n<p>Publicado pelo o Jornalista Bruno Hoffmann, o texto menciona que em pouco mais de um ano, a cidade tem vivido um dos per\u00edodos de maior transforma\u00e7\u00e3o de sua hist\u00f3ria. Obras estruturantes, pavimenta\u00e7\u00e3o de ruas, moderniza\u00e7\u00e3o da ilumina\u00e7\u00e3o p\u00fablica, investimentos em espa\u00e7os de conviv\u00eancia, esporte e lazer e melhorias em servi\u00e7os essenciais v\u00eam redesenhando o cen\u00e1rio urbano da cidade.<\/p>\n<p>Esse novo cen\u00e1rio tem gerado impactos positivos em diversos setores da economia, fortalecendo o com\u00e9rcio local e ampliando as oportunidades para a popula\u00e7\u00e3o.<\/p>\n<p>Para a gest\u00e3o municipal, o reconhecimento nacional \u00e9 reflexo de um trabalho pautado em planejamento, responsabilidade e compromisso com o desenvolvimento do munic\u00edpio.<\/p>\n<p>A administra\u00e7\u00e3o tem buscado implementar um conjunto de a\u00e7\u00f5es estrat\u00e9gicas que n\u00e3o apenas resolvem demandas hist\u00f3ricas da popula\u00e7\u00e3o, mas tamb\u00e9m projetam Serra Branca para um novo momento de crescimento e oportunidades.<\/p>\n<p>\u201cO trabalho que estamos realizando tem um \u00fanico objetivo: construir uma cidade cada vez melhor para nossa popula\u00e7\u00e3o. Serra Branca vive hoje um novo tempo de desenvolvimento, e continuaremos trabalhando para que esse avan\u00e7o chegue a cada bairro e a cada fam\u00edlia\u201d, destacou o Prefeito Michel Alexandre (Uni\u00e3o Brasil).<\/p>\n<p>O destaque em ve\u00edculos de grande circula\u00e7\u00e3o nacional demonstra que o trabalho realizado no munic\u00edpio come\u00e7a a ser reconhecido al\u00e9m das fronteiras do estado. Hoje, a cidade se consolida como um dos munic\u00edpios que mais avan\u00e7am no interior da Para\u00edba, tornando-se refer\u00eancia de transforma\u00e7\u00e3o no Cariri e exemplo de que o interior tamb\u00e9m pode crescer, inovar e se destacar no cen\u00e1rio nacional.<\/p>\n<p>SECOM\/PMSB<\/p>\n","protected":false},"excerpt":{"rendered":"<p>Serra Branca, no cora\u00e7\u00e3o do Cariri paraibano, vive um momento hist\u00f3rico de transforma\u00e7\u00e3o que come\u00e7a a ultrapassar as fronteiras da Para\u00edba e ganhar repercuss\u00e3o em&hellip; <\/p>\n","protected":false},"author":6,"featured_media":311132,"comment_status":"closed","ping_status":"closed","sticky":false,"template":"","format":"standard","meta":{"sfsi_plus_gutenberg_text_before_share":"","sfsi_plus_gutenberg_show_text_before_share":"","sfsi_plus_gutenberg_icon_type":"","sfsi_plus_gutenberg_icon_alignemt":"","sfsi_plus_gutenburg_max_per_row":"","footnotes":""},"categories":[50,2,93],"tags":[],"class_list":["post-311131","post","type-post","status-publish","format-standard","has-post-thumbnail","hentry","category-destaque","category-geral","category-serra-branca"],"_links":{"self":[{"href":"https:\/\/www.caririemacao.com\/1\/wp-json\/wp\/v2\/posts\/311131","targetHints":{"allow":["GET"]}}],"collection":[{"href":"https:\/\/www.caririemacao.com\/1\/wp-json\/wp\/v2\/posts"}],"about":[{"href":"https:\/\/www.caririemacao.com\/1\/wp-json\/wp\/v2\/types\/post"}],"author":[{"embeddable":true,"href":"https:\/\/www.caririemacao.com\/1\/wp-json\/wp\/v2\/users\/6"}],"replies":[{"embeddable":true,"href":"https:\/\/www.caririemacao.com\/1\/wp-json\/wp\/v2\/comments?post=311131"}],"version-history":[{"count":1,"href":"https:\/\/www.caririemacao.com\/1\/wp-json\/wp\/v2\/posts\/311131\/revisions"}],"predecessor-version":[{"id":311133,"href":"https:\/\/www.caririemacao.com\/1\/wp-json\/wp\/v2\/posts\/311131\/revisions\/311133"}],"wp:featuredmedia":[{"embeddable":true,"href":"https:\/\/www.caririemacao.com\/1\/wp-json\/wp\/v2\/media\/311132"}],"wp:attachment":[{"href":"https:\/\/www.caririemacao.com\/1\/wp-json\/wp\/v2\/media?parent=311131"}],"wp:term":[{"taxonomy":"category","embeddable":true,"href":"https:\/\/www.caririemacao.com\/1\/wp-json\/wp\/v2\/categories?post=311131"},{"taxonomy":"post_tag","embeddable":true,"href":"https:\/\/www.caririemacao.com\/1\/wp-json\/wp\/v2\/tags?post=311131"}],"curies":[{"name":"wp","href":"https:\/\/api.w.org\/{rel}","templated":true}]}}