{"id":311134,"date":"2026-03-12T16:25:38","date_gmt":"2026-03-12T19:25:38","guid":{"rendered":"https:\/\/www.caririemacao.com\/1\/?p=311134"},"modified":"2026-03-12T16:25:38","modified_gmt":"2026-03-12T19:25:38","slug":"prefeito-chico-de-eulina-anuncia-pacote-de-acoes-superior-a-r-5-milhoes-para-sao-joao-do-cariri-com-apoio-do-senador-efraim-filho","status":"publish","type":"post","link":"https:\/\/www.caririemacao.com\/1\/2026\/03\/12\/prefeito-chico-de-eulina-anuncia-pacote-de-acoes-superior-a-r-5-milhoes-para-sao-joao-do-cariri-com-apoio-do-senador-efraim-filho\/","title":{"rendered":"Prefeito Chico de Eulina anuncia pacote de a\u00e7\u00f5es superior a R$ 5 milh\u00f5es para S\u00e3o Jo\u00e3o do Cariri com apoio do senador Efraim Filho"},"content":{"rendered":"<p>O prefeito de S\u00e3o Jo\u00e3o do Cariri, Chico de Eulina, anunciou um importante pacote de investimentos para o munic\u00edpio que ultrapassa R$ 5 milh\u00f5es em a\u00e7\u00f5es e obras. Os recursos ser\u00e3o viabilizados por meio de articula\u00e7\u00e3o junto ao senador Efraim Filho.<\/p>\n<p>De acordo com o gestor, os investimentos contemplam diversas \u00e1reas, incluindo infraestrutura, sa\u00fade e abastecimento de \u00e1gua, com o objetivo de melhorar a qualidade de vida da popula\u00e7\u00e3o tanto na zona urbana quanto na zona rural.<\/p>\n<p>Entre as a\u00e7\u00f5es anunciadas est\u00e3o R$ 1 milh\u00e3o para aquisi\u00e7\u00e3o de uma ca\u00e7amba e um carro-pipa, equipamentos que ir\u00e3o refor\u00e7ar os servi\u00e7os de manuten\u00e7\u00e3o e apoio \u00e0s comunidades rurais. Tamb\u00e9m est\u00e1 previsto R$ 1 milh\u00e3o para constru\u00e7\u00e3o de passagens molhadas, facilitando o deslocamento de moradores durante o per\u00edodo de chuvas.<\/p>\n<p>Na \u00e1rea da sa\u00fade, o munic\u00edpio ser\u00e1 contemplado com R$ 800 mil para assist\u00eancia \u00e0 sa\u00fade, al\u00e9m da aquisi\u00e7\u00e3o de uma nova ambul\u00e2ncia no valor de R$ 350 mil, fortalecendo o atendimento \u00e0 popula\u00e7\u00e3o.<\/p>\n<p>Outro investimento importante ser\u00e1 destinado \u00e0 infraestrutura, com R$ 1,5 milh\u00e3o para obras de cal\u00e7amento e asfalto no distrito de Malhada da Ro\u00e7a, melhorando a mobilidade urbana e a qualidade das vias da comunidade.<\/p>\n<p>O pacote de a\u00e7\u00f5es tamb\u00e9m inclui R$ 640 mil para perfura\u00e7\u00e3o e instala\u00e7\u00e3o de po\u00e7os comunit\u00e1rios, ampliando o acesso \u00e0 \u00e1gua nas comunidades rurais, al\u00e9m de R$ 250 mil para a constru\u00e7\u00e3o de 40 cisternas, refor\u00e7ando a seguran\u00e7a h\u00eddrica das fam\u00edlias do munic\u00edpio.<\/p>\n<p>Segundo o prefeito Chico de Eulina, o conjunto de investimentos representa um grande avan\u00e7o para S\u00e3o Jo\u00e3o do Cariri e demonstra o resultado da parceria com o senador Efraim Filho.<\/p>\n<p>\u201cEsses investimentos s\u00e3o fundamentais para melhorar a vida da nossa popula\u00e7\u00e3o. Agrade\u00e7o ao senador Efraim Filho pela parceria e pelo compromisso com o desenvolvimento de S\u00e3o Jo\u00e3o do Cariri\u201d, destacou o gestor.<\/p>\n<p>O pacote anunciado dever\u00e1 beneficiar diretamente diversas comunidades do munic\u00edpio, fortalecendo \u00e1reas estrat\u00e9gicas e ampliando os servi\u00e7os p\u00fablicos oferecidos \u00e0 popula\u00e7\u00e3o.<\/p>\n<p>Assessoria<\/p>\n","protected":false},"excerpt":{"rendered":"<p>O prefeito de S\u00e3o Jo\u00e3o do Cariri, Chico de Eulina, anunciou um importante pacote de investimentos para o munic\u00edpio que ultrapassa R$ 5 milh\u00f5es em&hellip; <\/p>\n","protected":false},"author":6,"featured_media":311135,"comment_status":"closed","ping_status":"closed","sticky":false,"template":"","format":"standard","meta":{"sfsi_plus_gutenberg_text_before_share":"","sfsi_plus_gutenberg_show_text_before_share":"","sfsi_plus_gutenberg_icon_type":"","sfsi_plus_gutenberg_icon_alignemt":"","sfsi_plus_gutenburg_max_per_row":"","footnotes":""},"categories":[50,2,88],"tags":[],"class_list":["post-311134","post","type-post","status-publish","format-standard","has-post-thumbnail","hentry","category-destaque","category-geral","category-sao-joao-do-cariri"],"_links":{"self":[{"href":"https:\/\/www.caririemacao.com\/1\/wp-json\/wp\/v2\/posts\/311134","targetHints":{"allow":["GET"]}}],"collection":[{"href":"https:\/\/www.caririemacao.com\/1\/wp-json\/wp\/v2\/posts"}],"about":[{"href":"https:\/\/www.caririemacao.com\/1\/wp-json\/wp\/v2\/types\/post"}],"author":[{"embeddable":true,"href":"https:\/\/www.caririemacao.com\/1\/wp-json\/wp\/v2\/users\/6"}],"replies":[{"embeddable":true,"href":"https:\/\/www.caririemacao.com\/1\/wp-json\/wp\/v2\/comments?post=311134"}],"version-history":[{"count":1,"href":"https:\/\/www.caririemacao.com\/1\/wp-json\/wp\/v2\/posts\/311134\/revisions"}],"predecessor-version":[{"id":311136,"href":"https:\/\/www.caririemacao.com\/1\/wp-json\/wp\/v2\/posts\/311134\/revisions\/311136"}],"wp:featuredmedia":[{"embeddable":true,"href":"https:\/\/www.caririemacao.com\/1\/wp-json\/wp\/v2\/media\/311135"}],"wp:attachment":[{"href":"https:\/\/www.caririemacao.com\/1\/wp-json\/wp\/v2\/media?parent=311134"}],"wp:term":[{"taxonomy":"category","embeddable":true,"href":"https:\/\/www.caririemacao.com\/1\/wp-json\/wp\/v2\/categories?post=311134"},{"taxonomy":"post_tag","embeddable":true,"href":"https:\/\/www.caririemacao.com\/1\/wp-json\/wp\/v2\/tags?post=311134"}],"curies":[{"name":"wp","href":"https:\/\/api.w.org\/{rel}","templated":true}]}}