{"id":311140,"date":"2026-03-12T19:00:11","date_gmt":"2026-03-12T22:00:11","guid":{"rendered":"https:\/\/www.caririemacao.com\/1\/?p=311140"},"modified":"2026-03-12T19:00:11","modified_gmt":"2026-03-12T22:00:11","slug":"joao-gestor","status":"publish","type":"post","link":"https:\/\/www.caririemacao.com\/1\/2026\/03\/12\/joao-gestor\/","title":{"rendered":"Jo\u00e3o Gestor!"},"content":{"rendered":"<div id=\"ub-expand-partial-e389d7ea-b3bd-4745-9173-ef3d9f4f4fd1\" class=\"ub-expand-portion ub-expand-partial wp-block-ub-expand-portion\" aria-hidden=\"false\">\n<p><strong>Por In\u00e1cio Feitosa<\/strong><\/p>\n<p>Meu pai contava uma hist\u00f3ria curiosa. Dizia que antigamente era f\u00e1cil reconhecer quando algu\u00e9m atravessava a fronteira entre Pernambuco e Para\u00edba apenas pela qualidade das estradas. Ele narrava o caso de um ceguinho que viajava pelo interior\u00a0<em>de \u00f4nibus<\/em>, seguindo em dire\u00e7\u00e3o a Monteiro, terra dos meus antepassados, no Cariri paraibano.<\/p>\n<p>Em determinado momento do caminho, o viajante dizia:<br \/>\n\u201cEita, Pernambuco danado, j\u00e1 sa\u00edmos da Para\u00edba.\u201d<\/p>\n<p>Noutras ocasi\u00f5es, no sentido inverso, a frase vinha com outro tom:<br \/>\n\u201cEita, Para\u00edba boa danada, j\u00e1 entramos aqui em boas estradas.\u201d<\/p>\n<\/div>\n<div id=\"ub-expand-full-e389d7ea-b3bd-4745-9173-ef3d9f4f4fd1\" class=\"ub-expand-portion ub-expand-full wp-block-ub-expand-portion\" aria-hidden=\"false\">\n<p>Era uma forma simples e bem-humorada de ilustrar algo que ficou por muito tempo no imagin\u00e1rio popular: a Para\u00edba tinha boas estradas. Esse era um sinal vis\u00edvel de organiza\u00e7\u00e3o do territ\u00f3rio, de cuidado com a infraestrutura e de respeito com quem vive e circula pelo estado.<\/p>\n<p>O curioso \u00e9 perceber que, passados tantos anos, essa tradi\u00e7\u00e3o n\u00e3o apenas permaneceu como evoluiu.<\/p>\n<p>Hoje a Para\u00edba n\u00e3o tem apenas boas estradas. A Para\u00edba possui uma infraestrutura robusta, moderna, com obras que transformam paisagens urbanas e melhoram a mobilidade e a qualidade de vida da popula\u00e7\u00e3o. A capital Jo\u00e3o Pessoa ganhou um novo cart\u00e3o-postal urbano, e diversas regi\u00f5es do estado receberam investimentos importantes em mobilidade, urbaniza\u00e7\u00e3o e log\u00edstica.<\/p>\n<p>Essas melhorias n\u00e3o ficaram restritas \u00e0 capital. Espalharam-se pelo interior, conectando cidades, facilitando deslocamentos e criando condi\u00e7\u00f5es para o desenvolvimento econ\u00f4mico regional. Estradas, viadutos, obras estruturantes e interven\u00e7\u00f5es urbanas passaram a compor uma nova fase de desenvolvimento paraibano.<\/p>\n<p>Foi justamente observando essa transforma\u00e7\u00e3o que procurei entender o que estava acontecendo.<\/p>\n<p>Este texto n\u00e3o \u00e9 escrito por um pessoense. Tamb\u00e9m n\u00e3o \u00e9 escrito por um paraibano residente no estado, nem por algu\u00e9m ligado politicamente ao personagem deste artigo. Escreve estas linhas um advogado que vive em Recife, cuja fam\u00edlia tem origem na cidade de Monteiro e que, inclusive, mant\u00e9m v\u00ednculos eleitorais com essa terra.<\/p>\n<p>Mas, acima de tudo, escreve algu\u00e9m que admira bons gestores p\u00fablicos.<\/p>\n<p>E bons gestores s\u00e3o raros.<\/p>\n<p>S\u00e3o raros porque gest\u00e3o p\u00fablica exige algo que nem sempre aparece na pol\u00edtica: planejamento, capacidade t\u00e9cnica, compromisso com resultados e respeito ao dinheiro p\u00fablico. Exige trabalho constante, disciplina administrativa e equipes competentes.<\/p>\n<p>Foi procurando entender quem estava por tr\u00e1s desse novo momento da Para\u00edba que encontrei o personagem deste texto.<\/p>\n<p>Dou a ele aqui um nome que resume bem a sua imagem administrativa:\u00a0<em>Jo\u00e3o Gestor<\/em>.<\/p>\n<p>Jo\u00e3o Gestor \u00e9 o governador da Para\u00edba.<\/p>\n<p>Seu trabalho tem se destacado pela continuidade de investimentos em infraestrutura, pela execu\u00e7\u00e3o de obras estruturantes e por uma gest\u00e3o reconhecida pelo planejamento e pela capacidade de execu\u00e7\u00e3o. Estradas que conectam regi\u00f5es, viadutos que organizam o tr\u00e2nsito, interven\u00e7\u00f5es urbanas e pol\u00edticas p\u00fablicas que ampliam a presen\u00e7a do Estado em diversas \u00e1reas.<\/p>\n<p>Ao observar o conjunto dessas a\u00e7\u00f5es, \u00e9 dif\u00edcil n\u00e3o reconhecer que a Para\u00edba vive um momento administrativo importante.<\/p>\n<p>Posso afirmar, com tranquilidade, que a Para\u00edba tem hoje, se n\u00e3o o melhor, certamente um dos dois ou tr\u00eas governadores mais eficientes do pa\u00eds.<\/p>\n<p>Oxal\u00e1 tiv\u00e9ssemos mais governadores com esse perfil.<\/p>\n<p>J\u00e1 ouvi coment\u00e1rios de que Jo\u00e3o n\u00e3o seria exatamente uma pessoa expansiva ou extremamente simp\u00e1tica. Mas isso tamb\u00e9m levanta uma reflex\u00e3o interessante: quem disse que para ser um bom gestor \u00e9 preciso ser simp\u00e1tico?<\/p>\n<p>Boa gest\u00e3o exige outras qualidades.<\/p>\n<p>Exige arrega\u00e7ar as mangas.<br \/>\nExige planejamento.<br \/>\nExige disciplina administrativa.<br \/>\nExige montar equipes competentes.<br \/>\nE exige, sobretudo, saber dizer\u00a0<em>n\u00e3o<\/em>\u00a0quando necess\u00e1rio.<\/p>\n<p>Talvez venha da\u00ed essa percep\u00e7\u00e3o de personalidade mais reservada.<\/p>\n<p>Mas, se for esse o pre\u00e7o de uma gest\u00e3o eficiente, que seja.<\/p>\n<p>Fa\u00e7o quest\u00e3o de registrar que n\u00e3o conhe\u00e7o pessoalmente o governador Jo\u00e3o Azev\u00eado. Ele provavelmente tamb\u00e9m n\u00e3o sabe quem eu sou. Este texto n\u00e3o nasce de proximidade pol\u00edtica, nem de interesse pessoal.<\/p>\n<p>Nasce apenas do olhar de um observador externo que acompanha a administra\u00e7\u00e3o p\u00fablica e reconhece quando um gestor se destaca.<\/p>\n<p>Este artigo \u00e9, portanto, uma pequena homenagem a esse perfil de administrador: ao Jo\u00e3o t\u00e9cnico, ao Jo\u00e3o gestor, talvez de poucos sorrisos p\u00fablicos, mas que honra a administra\u00e7\u00e3o de um estado brasileiro.<\/p>\n<p>Um estado que, pela qualidade da sua gest\u00e3o, pode servir de exemplo para o pa\u00eds.<\/p>\n<p>Parab\u00e9ns \u00e0 Para\u00edba.<br \/>\nParab\u00e9ns ao seu gestor.<\/p>\n<p><strong>Advogado<\/strong><\/p>\n<\/div>\n","protected":false},"excerpt":{"rendered":"<p>Por In\u00e1cio Feitosa Meu pai contava uma hist\u00f3ria curiosa. Dizia que antigamente era f\u00e1cil reconhecer quando algu\u00e9m atravessava a fronteira entre Pernambuco e Para\u00edba apenas&hellip; <\/p>\n","protected":false},"author":6,"featured_media":311141,"comment_status":"closed","ping_status":"closed","sticky":false,"template":"","format":"standard","meta":{"sfsi_plus_gutenberg_text_before_share":"","sfsi_plus_gutenberg_show_text_before_share":"","sfsi_plus_gutenberg_icon_type":"","sfsi_plus_gutenberg_icon_alignemt":"","sfsi_plus_gutenburg_max_per_row":"","footnotes":""},"categories":[50,2,104],"tags":[],"class_list":["post-311140","post","type-post","status-publish","format-standard","has-post-thumbnail","hentry","category-destaque","category-geral","category-paraiba"],"_links":{"self":[{"href":"https:\/\/www.caririemacao.com\/1\/wp-json\/wp\/v2\/posts\/311140","targetHints":{"allow":["GET"]}}],"collection":[{"href":"https:\/\/www.caririemacao.com\/1\/wp-json\/wp\/v2\/posts"}],"about":[{"href":"https:\/\/www.caririemacao.com\/1\/wp-json\/wp\/v2\/types\/post"}],"author":[{"embeddable":true,"href":"https:\/\/www.caririemacao.com\/1\/wp-json\/wp\/v2\/users\/6"}],"replies":[{"embeddable":true,"href":"https:\/\/www.caririemacao.com\/1\/wp-json\/wp\/v2\/comments?post=311140"}],"version-history":[{"count":1,"href":"https:\/\/www.caririemacao.com\/1\/wp-json\/wp\/v2\/posts\/311140\/revisions"}],"predecessor-version":[{"id":311142,"href":"https:\/\/www.caririemacao.com\/1\/wp-json\/wp\/v2\/posts\/311140\/revisions\/311142"}],"wp:featuredmedia":[{"embeddable":true,"href":"https:\/\/www.caririemacao.com\/1\/wp-json\/wp\/v2\/media\/311141"}],"wp:attachment":[{"href":"https:\/\/www.caririemacao.com\/1\/wp-json\/wp\/v2\/media?parent=311140"}],"wp:term":[{"taxonomy":"category","embeddable":true,"href":"https:\/\/www.caririemacao.com\/1\/wp-json\/wp\/v2\/categories?post=311140"},{"taxonomy":"post_tag","embeddable":true,"href":"https:\/\/www.caririemacao.com\/1\/wp-json\/wp\/v2\/tags?post=311140"}],"curies":[{"name":"wp","href":"https:\/\/api.w.org\/{rel}","templated":true}]}}