{"id":311143,"date":"2026-03-12T19:06:34","date_gmt":"2026-03-12T22:06:34","guid":{"rendered":"https:\/\/www.caririemacao.com\/1\/?p=311143"},"modified":"2026-03-12T19:08:20","modified_gmt":"2026-03-12T22:08:20","slug":"ex-prefeito-de-amparo-ze-arnaldo-declara-apoio-a-reeleicao-do-deputado-federal-wilson-santiago","status":"publish","type":"post","link":"https:\/\/www.caririemacao.com\/1\/2026\/03\/12\/ex-prefeito-de-amparo-ze-arnaldo-declara-apoio-a-reeleicao-do-deputado-federal-wilson-santiago\/","title":{"rendered":"Ex-prefeito de Amparo, Z\u00e9 Arnaldo, declara apoio \u00e0 reelei\u00e7\u00e3o do deputado federal Wilson Santiago"},"content":{"rendered":"<p>O ex-prefeito de Amparo, Z\u00e9 Arnaldo, anunciou oficialmente apoio \u00e0 reelei\u00e7\u00e3o do deputado federal Wilson Santiago (Republicanos). O an\u00fancio foi feito durante reuni\u00e3o realizada na tarde desta quinta-feira (12), em Jo\u00e3o Pessoa, ao lado do prefeito do munic\u00edpio, Tarcio Gabriel.<\/p>\n<p>Z\u00e9 Arnaldo administrou o munic\u00edpio entre os anos de 2013 e 2016 e \u00e9 reconhecido como uma importante lideran\u00e7a pol\u00edtica na cidade. Ele integra o grupo de situa\u00e7\u00e3o liderado pelo prefeito Tarcio Gabriel, que j\u00e1 apoia o parlamentar juntamente com vereadores da base aliada no munic\u00edpio.<\/p>\n<p>Durante o encontro, o deputado federal Wilson Santiago destacou a import\u00e2ncia da uni\u00e3o do grupo pol\u00edtico de Amparo em torno do projeto de continuidade de seu mandato na C\u00e2mara dos Deputados.<\/p>\n<p>\u201cFico muito feliz em receber o apoio do ex-prefeito Z\u00e9 Arnaldo, uma lideran\u00e7a respeitada em Amparo. Essa uni\u00e3o, junto ao prefeito Tarcio Gabriel e aos vereadores do grupo de situa\u00e7\u00e3o, fortalece ainda mais nosso trabalho. Seguiremos juntos, trabalhando para garantir mais investimentos e a\u00e7\u00f5es que melhorem a vida da popula\u00e7\u00e3o de Amparo\u201d, afirmou o deputado.<\/p>\n<p>O ex-prefeito Z\u00e9 Arnaldo ressaltou que a decis\u00e3o de apoiar Wilson Santiago foi motivada pelo trabalho realizado pelo parlamentar em benef\u00edcio do munic\u00edpio.<\/p>\n<p>\u201cDecidi apoiar o deputado Wilson Santiago em reconhecimento ao trabalho que ele tem realizado por Amparo. S\u00e3o a\u00e7\u00f5es e investimentos importantes que chegaram ao munic\u00edpio por meio de sua atua\u00e7\u00e3o em Bras\u00edlia, sempre em parceria com nossas lideran\u00e7as locais.\u201d, destacou.<\/p>\n<p>J\u00e1 o prefeito Tarcio Gabriel enfatizou que a chegada do ex-prefeito ao grupo refor\u00e7a ainda mais a uni\u00e3o das lideran\u00e7as pol\u00edticas do munic\u00edpio.<\/p>\n<p>\u201cO an\u00fancio de Z\u00e9 Arnaldo fortalece ainda mais o nosso grupo de situa\u00e7\u00e3o. Amparo ganha com essa uni\u00e3o em torno de um projeto que tem trazido resultados concretos para a nossa popula\u00e7\u00e3o, por meio da parceria com o deputado Wilson Santiago\u201d, afirmou o prefeito.<\/p>\n","protected":false},"excerpt":{"rendered":"<p>O ex-prefeito de Amparo, Z\u00e9 Arnaldo, anunciou oficialmente apoio \u00e0 reelei\u00e7\u00e3o do deputado federal Wilson Santiago (Republicanos). O an\u00fancio foi feito durante reuni\u00e3o realizada na&hellip; <\/p>\n","protected":false},"author":6,"featured_media":311144,"comment_status":"closed","ping_status":"closed","sticky":false,"template":"","format":"standard","meta":{"sfsi_plus_gutenberg_text_before_share":"","sfsi_plus_gutenberg_show_text_before_share":"","sfsi_plus_gutenberg_icon_type":"","sfsi_plus_gutenberg_icon_alignemt":"","sfsi_plus_gutenburg_max_per_row":"","footnotes":""},"categories":[68,50,2,1,11],"tags":[],"class_list":["post-311143","post","type-post","status-publish","format-standard","has-post-thumbnail","hentry","category-amparo","category-destaque","category-geral","category-o-site","category-politica"],"_links":{"self":[{"href":"https:\/\/www.caririemacao.com\/1\/wp-json\/wp\/v2\/posts\/311143","targetHints":{"allow":["GET"]}}],"collection":[{"href":"https:\/\/www.caririemacao.com\/1\/wp-json\/wp\/v2\/posts"}],"about":[{"href":"https:\/\/www.caririemacao.com\/1\/wp-json\/wp\/v2\/types\/post"}],"author":[{"embeddable":true,"href":"https:\/\/www.caririemacao.com\/1\/wp-json\/wp\/v2\/users\/6"}],"replies":[{"embeddable":true,"href":"https:\/\/www.caririemacao.com\/1\/wp-json\/wp\/v2\/comments?post=311143"}],"version-history":[{"count":1,"href":"https:\/\/www.caririemacao.com\/1\/wp-json\/wp\/v2\/posts\/311143\/revisions"}],"predecessor-version":[{"id":311145,"href":"https:\/\/www.caririemacao.com\/1\/wp-json\/wp\/v2\/posts\/311143\/revisions\/311145"}],"wp:featuredmedia":[{"embeddable":true,"href":"https:\/\/www.caririemacao.com\/1\/wp-json\/wp\/v2\/media\/311144"}],"wp:attachment":[{"href":"https:\/\/www.caririemacao.com\/1\/wp-json\/wp\/v2\/media?parent=311143"}],"wp:term":[{"taxonomy":"category","embeddable":true,"href":"https:\/\/www.caririemacao.com\/1\/wp-json\/wp\/v2\/categories?post=311143"},{"taxonomy":"post_tag","embeddable":true,"href":"https:\/\/www.caririemacao.com\/1\/wp-json\/wp\/v2\/tags?post=311143"}],"curies":[{"name":"wp","href":"https:\/\/api.w.org\/{rel}","templated":true}]}}