{"id":311146,"date":"2026-03-12T19:19:08","date_gmt":"2026-03-12T22:19:08","guid":{"rendered":"https:\/\/www.caririemacao.com\/1\/?p=311146"},"modified":"2026-03-12T19:21:57","modified_gmt":"2026-03-12T22:21:57","slug":"joao-pessoa-fecam-pb-promove-encontro-de-presidentes-de-camaras-municipais-na-proxima-terca-17","status":"publish","type":"post","link":"https:\/\/www.caririemacao.com\/1\/2026\/03\/12\/joao-pessoa-fecam-pb-promove-encontro-de-presidentes-de-camaras-municipais-na-proxima-terca-17\/","title":{"rendered":"JO\u00c3O PESSOA: FECAM-PB promove encontro de presidentes de C\u00e2maras Municipais na pr\u00f3xima ter\u00e7a (17)"},"content":{"rendered":"<p>A Federa\u00e7\u00e3o das C\u00e2maras Municipais do Estado da Para\u00edba (FECAM-PB) promover\u00e1, no pr\u00f3ximo dia 17 de mar\u00e7o, um importante encontro institucional com os presidentes das C\u00e2maras Municipais da Para\u00edba.<\/p>\n<p><img fetchpriority=\"high\" decoding=\"async\" class=\"aligncenter wp-image-311138 size-full\" src=\"https:\/\/www.caririemacao.com\/1\/wp-content\/uploads\/2026\/03\/DSC07964-4e970c84-1920w-1152x768-1.webp\" alt=\"\" width=\"1152\" height=\"768\" srcset=\"https:\/\/www.caririemacao.com\/1\/wp-content\/uploads\/2026\/03\/DSC07964-4e970c84-1920w-1152x768-1.webp 1152w, https:\/\/www.caririemacao.com\/1\/wp-content\/uploads\/2026\/03\/DSC07964-4e970c84-1920w-1152x768-1-300x200.webp 300w, https:\/\/www.caririemacao.com\/1\/wp-content\/uploads\/2026\/03\/DSC07964-4e970c84-1920w-1152x768-1-768x512.webp 768w\" sizes=\"(max-width: 1152px) 100vw, 1152px\" \/><\/p>\n<p>A reuni\u00e3o acontecer\u00e1 \u00e0s 10h, no audit\u00f3rio do Hotel Cabo Branco, em Jo\u00e3o Pessoa, e deve reunir representantes do Legislativo municipal de diversas regi\u00f5es do estado.<\/p>\n<p>De acordo com o presidente da FECAM-PB, o vereador F\u00e9lix J\u00fanior, o encontro tem como objetivo fortalecer o di\u00e1logo entre as Casas Legislativas municipais, al\u00e9m de promover o alinhamento de a\u00e7\u00f5es institucionais voltadas ao fortalecimento do Poder Legislativo nos munic\u00edpios paraibanos.<\/p>\n<p>Durante a reuni\u00e3o, tamb\u00e9m dever\u00e3o ser discutidos temas estrat\u00e9gicos para a atua\u00e7\u00e3o das C\u00e2maras Municipais, al\u00e9m de pautas municipalistas consideradas fundamentais para o desenvolvimento das cidades e para o aprimoramento das atividades legislativas.<\/p>\n<p>A entidade refor\u00e7a o convite aos presidentes das C\u00e2maras Municipais para que participem do encontro, destacando que a presen\u00e7a dos gestores legislativos \u00e9 essencial para ampliar o debate, compartilhar experi\u00eancias e construir iniciativas conjuntas em benef\u00edcio dos munic\u00edpios da Para\u00edba.<\/p>\n<p>O encontro faz parte da agenda institucional da federa\u00e7\u00e3o, que tem intensificado a\u00e7\u00f5es de articula\u00e7\u00e3o e fortalecimento do Legislativo municipal em todo o estado.<\/p>\n<p><strong>CARIRI EM A\u00c7\u00c3O<\/strong><\/p>\n","protected":false},"excerpt":{"rendered":"<p>A Federa\u00e7\u00e3o das C\u00e2maras Municipais do Estado da Para\u00edba (FECAM-PB) promover\u00e1, no pr\u00f3ximo dia 17 de mar\u00e7o, um importante encontro institucional com os presidentes das&hellip; <\/p>\n","protected":false},"author":6,"featured_media":311147,"comment_status":"closed","ping_status":"closed","sticky":false,"template":"","format":"standard","meta":{"sfsi_plus_gutenberg_text_before_share":"","sfsi_plus_gutenberg_show_text_before_share":"","sfsi_plus_gutenberg_icon_type":"","sfsi_plus_gutenberg_icon_alignemt":"","sfsi_plus_gutenburg_max_per_row":"","footnotes":""},"categories":[115,104],"tags":[],"class_list":["post-311146","post","type-post","status-publish","format-standard","has-post-thumbnail","hentry","category-joao-pessoa","category-paraiba"],"_links":{"self":[{"href":"https:\/\/www.caririemacao.com\/1\/wp-json\/wp\/v2\/posts\/311146","targetHints":{"allow":["GET"]}}],"collection":[{"href":"https:\/\/www.caririemacao.com\/1\/wp-json\/wp\/v2\/posts"}],"about":[{"href":"https:\/\/www.caririemacao.com\/1\/wp-json\/wp\/v2\/types\/post"}],"author":[{"embeddable":true,"href":"https:\/\/www.caririemacao.com\/1\/wp-json\/wp\/v2\/users\/6"}],"replies":[{"embeddable":true,"href":"https:\/\/www.caririemacao.com\/1\/wp-json\/wp\/v2\/comments?post=311146"}],"version-history":[{"count":4,"href":"https:\/\/www.caririemacao.com\/1\/wp-json\/wp\/v2\/posts\/311146\/revisions"}],"predecessor-version":[{"id":311151,"href":"https:\/\/www.caririemacao.com\/1\/wp-json\/wp\/v2\/posts\/311146\/revisions\/311151"}],"wp:featuredmedia":[{"embeddable":true,"href":"https:\/\/www.caririemacao.com\/1\/wp-json\/wp\/v2\/media\/311147"}],"wp:attachment":[{"href":"https:\/\/www.caririemacao.com\/1\/wp-json\/wp\/v2\/media?parent=311146"}],"wp:term":[{"taxonomy":"category","embeddable":true,"href":"https:\/\/www.caririemacao.com\/1\/wp-json\/wp\/v2\/categories?post=311146"},{"taxonomy":"post_tag","embeddable":true,"href":"https:\/\/www.caririemacao.com\/1\/wp-json\/wp\/v2\/tags?post=311146"}],"curies":[{"name":"wp","href":"https:\/\/api.w.org\/{rel}","templated":true}]}}