{"id":311153,"date":"2026-03-12T21:54:39","date_gmt":"2026-03-13T00:54:39","guid":{"rendered":"https:\/\/www.caririemacao.com\/1\/?p=311153"},"modified":"2026-03-12T21:57:39","modified_gmt":"2026-03-13T00:57:39","slug":"camara-de-sao-joao-do-tigre-emite-nota-de-repudio-contra-falas-do-ex-prefeito-celio-barbosa-divulgadas-em-audios-nas-redes-sociais","status":"publish","type":"post","link":"https:\/\/www.caririemacao.com\/1\/2026\/03\/12\/camara-de-sao-joao-do-tigre-emite-nota-de-repudio-contra-falas-do-ex-prefeito-celio-barbosa-divulgadas-em-audios-nas-redes-sociais\/","title":{"rendered":"C\u00e2mara de S\u00e3o Jo\u00e3o do Tigre emite nota de rep\u00fadio contra falas do ex-prefeito C\u00e9lio Barbosa divulgadas em \u00e1udios nas redes sociais"},"content":{"rendered":"<p>A C\u00e2mara Municipal de S\u00e3o Jo\u00e3o do Tigre divulgou uma nota de rep\u00fadio ap\u00f3s a circula\u00e7\u00e3o, nas redes sociais, de dois \u00e1udios atribu\u00eddos ao ex-prefeito C\u00e9lio Barbosa, que juntos somam aproximadamente 16 minutos. Nos \u00e1udios, segundo os parlamentares, o ex-gestor profere diversas ofensas direcionadas aos membros do Poder Legislativo municipal.<\/p>\n<p>De acordo com a C\u00e2mara, as declara\u00e7\u00f5es teriam sido motivadas por posicionamentos e decis\u00f5es recentes do Legislativo, entre eles discuss\u00f5es envolvendo a obstru\u00e7\u00e3o de uma estrada antiga na zona rural do munic\u00edpio, que passa dentro de uma propriedade rec\u00e9m adquirida pelo o ex-prefeito, gerando preju\u00edzos \u00e0 comunidade. O caso gerou debate entre os vereadores ap\u00f3s relatos de moradores sobre a situa\u00e7\u00e3o da via.<\/p>\n<p>Outro ponto mencionado pelos parlamentares foi a aprova\u00e7\u00e3o de uma mo\u00e7\u00e3o de aplausos ao m\u00e9dico veterin\u00e1rio Rodolfo Leite, iniciativa que tamb\u00e9m teria sido alvo de cr\u00edticas por parte do ex-prefeito nos \u00e1udios divulgados.<\/p>\n<p>Na nota, a C\u00e2mara Municipal afirma que repudia qualquer tipo de ataque ou desrespeito direcionado aos representantes eleitos pela popula\u00e7\u00e3o. O documento ressalta ainda que o Legislativo cumpre seu papel constitucional de fiscalizar, debater e deliberar sobre assuntos de interesse p\u00fablico, sempre pautado pelo respeito institucional.<\/p>\n<p>Os vereadores tamb\u00e9m destacaram que diverg\u00eancias pol\u00edticas s\u00e3o naturais no ambiente democr\u00e1tico, mas refor\u00e7aram que o debate deve ocorrer de forma respeitosa e dentro dos limites da civilidade.<\/p>\n<p>At\u00e9 o momento, o ex-prefeito C\u00e9lio Barbosa n\u00e3o se pronunciou oficialmente sobre a repercuss\u00e3o dos \u00e1udios e a nota de rep\u00fadio emitida pela C\u00e2mara Municipal.<\/p>\n<p>&nbsp;<\/p>\n<p><strong>CARIRI EM A\u00c7\u00c3O<\/strong><\/p>\n","protected":false},"excerpt":{"rendered":"<p>A C\u00e2mara Municipal de S\u00e3o Jo\u00e3o do Tigre divulgou uma nota de rep\u00fadio ap\u00f3s a circula\u00e7\u00e3o, nas redes sociais, de dois \u00e1udios atribu\u00eddos ao ex-prefeito&hellip; <\/p>\n","protected":false},"author":6,"featured_media":311156,"comment_status":"closed","ping_status":"closed","sticky":false,"template":"","format":"standard","meta":{"sfsi_plus_gutenberg_text_before_share":"","sfsi_plus_gutenberg_show_text_before_share":"","sfsi_plus_gutenberg_icon_type":"","sfsi_plus_gutenberg_icon_alignemt":"","sfsi_plus_gutenburg_max_per_row":"","footnotes":""},"categories":[50,2,89],"tags":[],"class_list":["post-311153","post","type-post","status-publish","format-standard","has-post-thumbnail","hentry","category-destaque","category-geral","category-sao-joao-do-tigre"],"_links":{"self":[{"href":"https:\/\/www.caririemacao.com\/1\/wp-json\/wp\/v2\/posts\/311153","targetHints":{"allow":["GET"]}}],"collection":[{"href":"https:\/\/www.caririemacao.com\/1\/wp-json\/wp\/v2\/posts"}],"about":[{"href":"https:\/\/www.caririemacao.com\/1\/wp-json\/wp\/v2\/types\/post"}],"author":[{"embeddable":true,"href":"https:\/\/www.caririemacao.com\/1\/wp-json\/wp\/v2\/users\/6"}],"replies":[{"embeddable":true,"href":"https:\/\/www.caririemacao.com\/1\/wp-json\/wp\/v2\/comments?post=311153"}],"version-history":[{"count":1,"href":"https:\/\/www.caririemacao.com\/1\/wp-json\/wp\/v2\/posts\/311153\/revisions"}],"predecessor-version":[{"id":311155,"href":"https:\/\/www.caririemacao.com\/1\/wp-json\/wp\/v2\/posts\/311153\/revisions\/311155"}],"wp:featuredmedia":[{"embeddable":true,"href":"https:\/\/www.caririemacao.com\/1\/wp-json\/wp\/v2\/media\/311156"}],"wp:attachment":[{"href":"https:\/\/www.caririemacao.com\/1\/wp-json\/wp\/v2\/media?parent=311153"}],"wp:term":[{"taxonomy":"category","embeddable":true,"href":"https:\/\/www.caririemacao.com\/1\/wp-json\/wp\/v2\/categories?post=311153"},{"taxonomy":"post_tag","embeddable":true,"href":"https:\/\/www.caririemacao.com\/1\/wp-json\/wp\/v2\/tags?post=311153"}],"curies":[{"name":"wp","href":"https:\/\/api.w.org\/{rel}","templated":true}]}}