{"id":311163,"date":"2026-03-13T08:28:34","date_gmt":"2026-03-13T11:28:34","guid":{"rendered":"https:\/\/www.caririemacao.com\/1\/?p=311163"},"modified":"2026-03-13T08:28:34","modified_gmt":"2026-03-13T11:28:34","slug":"policia-investiga-clinica-clandestina-de-aborto-em-farmacia-de-campina-grande","status":"publish","type":"post","link":"https:\/\/www.caririemacao.com\/1\/2026\/03\/13\/policia-investiga-clinica-clandestina-de-aborto-em-farmacia-de-campina-grande\/","title":{"rendered":"Pol\u00edcia investiga cl\u00ednica clandestina de aborto em farm\u00e1cia de Campina Grande"},"content":{"rendered":"<div class=\"subtitulo mb-3\"><em><strong>No local, al\u00e9m de medicamentos abortivos, foram encontrados documentos contendo anota\u00e7\u00f5es com refer\u00eancia a supostas pacientes e tempo gestacional.<\/strong><\/em><\/div>\n<div><\/div>\n<div>\n<p class=\"wp-block-paragraph\">Uma opera\u00e7\u00e3o da Pol\u00edcia Civil, deflagrada ontem quinta-feira (12), deu in\u00edcio \u00e0s investiga\u00e7\u00f5es sobre uma cl\u00ednica clandestina que realizava abortos, localizada dentro de uma farm\u00e1cia na regi\u00e3o da Rodovi\u00e1ria Velha, em Campina Grande.<\/p>\n<p class=\"wp-block-paragraph\">No local, al\u00e9m de anabolizantes e medicamentos abortivos, foram encontrados documentos contendo anota\u00e7\u00f5es com refer\u00eancia a supostas pacientes e tempo gestacional.<\/p>\n<p class=\"wp-block-paragraph\">Os policiais tamb\u00e9m verificaram que o estabelecimento funcionava sem licen\u00e7a sanit\u00e1ria v\u00e1lida, sem alvar\u00e1 de funcionamento regular e sem farmac\u00eautico respons\u00e1vel t\u00e9cnico.<\/p>\n<p class=\"wp-block-paragraph\">Durante as dilig\u00eancias, os policiais localizaram ainda muni\u00e7\u00e3o calibre 38. O propriet\u00e1rio do local foi conduzido para a Central de Pol\u00edcia de Campina Grande para prestar esclarecimentos.<\/p>\n<p class=\"wp-block-paragraph\">Al\u00e9m da Pol\u00edcia Civil, a opera\u00e7\u00e3o contou com a participa\u00e7\u00e3o da Ger\u00eancia de Vigil\u00e2ncia Sanit\u00e1ria (GEVISA) e do Minist\u00e9rio P\u00fablico do Consumidor.<\/p>\n<p>FONTE: Portal Correio<\/p>\n<\/div>\n","protected":false},"excerpt":{"rendered":"<p>No local, al\u00e9m de medicamentos abortivos, foram encontrados documentos contendo anota\u00e7\u00f5es com refer\u00eancia a supostas pacientes e tempo gestacional. Uma opera\u00e7\u00e3o da Pol\u00edcia Civil, deflagrada&hellip; <\/p>\n","protected":false},"author":6,"featured_media":311164,"comment_status":"closed","ping_status":"closed","sticky":false,"template":"","format":"standard","meta":{"sfsi_plus_gutenberg_text_before_share":"","sfsi_plus_gutenberg_show_text_before_share":"","sfsi_plus_gutenberg_icon_type":"","sfsi_plus_gutenberg_icon_alignemt":"","sfsi_plus_gutenburg_max_per_row":"","footnotes":""},"categories":[129,50,12],"tags":[],"class_list":["post-311163","post","type-post","status-publish","format-standard","has-post-thumbnail","hentry","category-campina-grande-2","category-destaque","category-policia"],"_links":{"self":[{"href":"https:\/\/www.caririemacao.com\/1\/wp-json\/wp\/v2\/posts\/311163","targetHints":{"allow":["GET"]}}],"collection":[{"href":"https:\/\/www.caririemacao.com\/1\/wp-json\/wp\/v2\/posts"}],"about":[{"href":"https:\/\/www.caririemacao.com\/1\/wp-json\/wp\/v2\/types\/post"}],"author":[{"embeddable":true,"href":"https:\/\/www.caririemacao.com\/1\/wp-json\/wp\/v2\/users\/6"}],"replies":[{"embeddable":true,"href":"https:\/\/www.caririemacao.com\/1\/wp-json\/wp\/v2\/comments?post=311163"}],"version-history":[{"count":1,"href":"https:\/\/www.caririemacao.com\/1\/wp-json\/wp\/v2\/posts\/311163\/revisions"}],"predecessor-version":[{"id":311165,"href":"https:\/\/www.caririemacao.com\/1\/wp-json\/wp\/v2\/posts\/311163\/revisions\/311165"}],"wp:featuredmedia":[{"embeddable":true,"href":"https:\/\/www.caririemacao.com\/1\/wp-json\/wp\/v2\/media\/311164"}],"wp:attachment":[{"href":"https:\/\/www.caririemacao.com\/1\/wp-json\/wp\/v2\/media?parent=311163"}],"wp:term":[{"taxonomy":"category","embeddable":true,"href":"https:\/\/www.caririemacao.com\/1\/wp-json\/wp\/v2\/categories?post=311163"},{"taxonomy":"post_tag","embeddable":true,"href":"https:\/\/www.caririemacao.com\/1\/wp-json\/wp\/v2\/tags?post=311163"}],"curies":[{"name":"wp","href":"https:\/\/api.w.org\/{rel}","templated":true}]}}