{"id":311166,"date":"2026-03-13T08:30:11","date_gmt":"2026-03-13T11:30:11","guid":{"rendered":"https:\/\/www.caririemacao.com\/1\/?p=311166"},"modified":"2026-03-13T08:30:11","modified_gmt":"2026-03-13T11:30:11","slug":"novo-lider-do-ira-adota-tom-radical-em-1o-pronunciamento","status":"publish","type":"post","link":"https:\/\/www.caririemacao.com\/1\/2026\/03\/13\/novo-lider-do-ira-adota-tom-radical-em-1o-pronunciamento\/","title":{"rendered":"Novo l\u00edder do Ir\u00e3 adota tom radical em 1\u00ba pronunciamento"},"content":{"rendered":"<div class=\"subtitulo mb-3\"><em><strong>Mojtaba Khamenei afirmou que suas for\u00e7as continuar\u00e3o fechando o estreito de Hormuz, por onde passam 20% do petr\u00f3leo e do g\u00e1s natural liquefeito do mundo.<\/strong><\/em><\/div>\n<div><\/div>\n<div>\n<p class=\"wp-block-paragraph\">O novo l\u00edder supremo do Ir\u00e3, Mojtaba Khamenei, adotou um tom desafiador em seu primeiro pronunciamento ap\u00f3s assumir o lugar do pai, Ali, morto no primeiro dia da guerra lan\u00e7ada pelos Estados Unidos e Israel contra a teocracia.<\/p>\n<p class=\"wp-block-paragraph\">Mojtaba, 56, disse que suas for\u00e7as continuar\u00e3o fechando na pr\u00e1tica o estrat\u00e9gico estreito de Hormuz, por onde passam 20% do petr\u00f3leo e do g\u00e1s natural liquefeito do mundo. \u00c9 uma forma \u201cde manter press\u00e3o sobre o inimigo\u201d.<\/p>\n<p class=\"wp-block-paragraph\">O pronunciamento escrito foi lido na TV estatal. O usualmente recluso Mojtaba, ferido no primeiro dia da guerra, segue sem aparecer em p\u00fablico.<\/p>\n<p class=\"wp-block-paragraph\">O l\u00edder afirmou que o Ir\u00e3 preza a amizade de seus vizinhos, mas vai continuar a atacar as bases americanas em solo de aliados de Washington no Oriente M\u00e9dio. \u201cElas devem fechar\u201d, disse. Tamb\u00e9m exigiu repara\u00e7\u00f5es pelos danos da guerra, sob pena de \u201cdestruir os ativos\u201d americanos e israelenses.<\/p>\n<p class=\"wp-block-paragraph\">Ele tamb\u00e9m prometeu \u201cvingar o sangue dos m\u00e1rtires, em especial dos de Minab\u201d, em refer\u00eancia aos cerca de 180 mortos no bombardeio a uma escola na cidade hom\u00f4nima, a maioria estudantes.<\/p>\n<p class=\"wp-block-paragraph\">O tom duro, transparecendo sua liga\u00e7\u00e3o com o estamento militar da Guarda Revolucion\u00e1ria, s\u00f3 foi quebrado num raro aceno \u00e0 oposi\u00e7\u00e3o ao regime, que na virada do ano havia promovido os maiores protestos da hist\u00f3ria da teocracia instalada em 1979.<\/p>\n<p class=\"wp-block-paragraph\">\u201cA unidade entre todos os indiv\u00edduos e estratos da na\u00e7\u00e3o n\u00e3o deve ser prejudicada. Isso ser\u00e1 alcan\u00e7ado deixando de lado os pontos de discord\u00e2ncia\u201d, afirmou, restando saber se ele falava sobre uma disposi\u00e7\u00e3o de afrouxar seu aparato repressivo ou apelava \u00e0queles que criticam o regime.<\/p>\n<p class=\"wp-block-paragraph\">Mojtaba (pronuncia-se \u201cm\u00f4j-t\u00e1-ba\u201d) n\u00e3o se manifestava desde o domingo (8), quando foi eleito l\u00edder por um colegiado de cl\u00e9rigos.<\/p>\n<p class=\"wp-block-paragraph\">Ele havia sido ferido no ataque que matou seu pai e outros cinco membros de sua fam\u00edlia no primeiro dia do conflito, 28 de fevereiro. Segundo a m\u00eddia iraniana, ele quebrou o p\u00e9 e sofreu escoria\u00e7\u00f5es leves na explos\u00e3o do que analistas acreditam ter sido um m\u00edssil aerobal\u00edstico Blue Sparrow israelense.<\/p>\n<p class=\"wp-block-paragraph\">Dono de perfil discreto, ele sempre viveu \u00e0 sombra do pai, cultivando conex\u00f5es com o aparato de seguran\u00e7a comandado pela Guarda Revolucion\u00e1ria.<\/p>\n<p class=\"wp-block-paragraph\">Antes de sua morte, Khamenei, com mais de 80 anos e doente, tinha no cl\u00e9rigo radical Ebrahim Raisi seu sucessor presumido. Mas o ent\u00e3o presidente morreu de forma misteriosa em um acidente de helic\u00f3ptero em 2024, e nova elei\u00e7\u00e3o colocou o mais moderado Masoud Pezeshkian no poder.<\/p>\n<p class=\"wp-block-paragraph\">O enfraquecimento dos prepostos regionais de Teer\u00e3 pelas guerras do p\u00f3s-7 de Outubro de Israel e o conflito direto com o Estado judeu e os EUA em 2025 minaram ainda mais a teocracia, que viu os maiores protestos contra o regime na virada deste ano.<\/p>\n<p class=\"wp-block-paragraph\">Com a nova guerra e a morte do l\u00edder supremo, a Guarda e seu principal nome na pol\u00edtica, o chefe do Conselho de Seguran\u00e7a, Ali Larijani, comandaram o processo sucess\u00f3rio.<\/p>\n<p class=\"wp-block-paragraph\">Alguns moderados se queixaram da falta de transpar\u00eancia esperada na elei\u00e7\u00e3o pela Assembleia dos Especialistas. Mojtaba nunca foi designado herdeiro pelo pai e o regime isl\u00e2mico n\u00e3o prev\u00ea transfer\u00eancia heredit\u00e1ria de poder. Com isso, a Guarda ganhou ainda mais poder, ao menos neste momento.<\/p>\n<p class=\"wp-block-paragraph\">J\u00e1 Pezeshkian, que nunca foi um presidente forte, viu sua posi\u00e7\u00e3o ainda mais esvaziada. O pedido de desculpas aos vizinhos foi ignorado pelos militares, que redobraram a\u00e7\u00f5es no golfo P\u00e9rsico, e ningu\u00e9m levou a s\u00e9rio sua oferta para parar a guerra em termos favor\u00e1veis \u0097Trump \u00e9 quem d\u00e1 as ordens nesse quesito.<\/p>\n<p class=\"wp-block-paragraph\">A d\u00favida que fica agora \u00e9 se Mojtaba ir\u00e1 de fato tomar o controle da situa\u00e7\u00e3o e se conseguir\u00e1 operar fora dos ditames da Guarda, que at\u00e9 aqui tem apenas escalado a guerra, na esperan\u00e7a de que o desgaste econ\u00f4mico devido ao impacto no mercado de petr\u00f3leo pressione Trump.<\/p>\n<p>FONTE: Portal Correio<\/p>\n<\/div>\n","protected":false},"excerpt":{"rendered":"<p>Mojtaba Khamenei afirmou que suas for\u00e7as continuar\u00e3o fechando o estreito de Hormuz, por onde passam 20% do petr\u00f3leo e do g\u00e1s natural liquefeito do mundo.&hellip; <\/p>\n","protected":false},"author":6,"featured_media":311167,"comment_status":"closed","ping_status":"closed","sticky":false,"template":"","format":"standard","meta":{"sfsi_plus_gutenberg_text_before_share":"","sfsi_plus_gutenberg_show_text_before_share":"","sfsi_plus_gutenberg_icon_type":"","sfsi_plus_gutenberg_icon_alignemt":"","sfsi_plus_gutenburg_max_per_row":"","footnotes":""},"categories":[50,2,1],"tags":[],"class_list":["post-311166","post","type-post","status-publish","format-standard","has-post-thumbnail","hentry","category-destaque","category-geral","category-o-site"],"_links":{"self":[{"href":"https:\/\/www.caririemacao.com\/1\/wp-json\/wp\/v2\/posts\/311166","targetHints":{"allow":["GET"]}}],"collection":[{"href":"https:\/\/www.caririemacao.com\/1\/wp-json\/wp\/v2\/posts"}],"about":[{"href":"https:\/\/www.caririemacao.com\/1\/wp-json\/wp\/v2\/types\/post"}],"author":[{"embeddable":true,"href":"https:\/\/www.caririemacao.com\/1\/wp-json\/wp\/v2\/users\/6"}],"replies":[{"embeddable":true,"href":"https:\/\/www.caririemacao.com\/1\/wp-json\/wp\/v2\/comments?post=311166"}],"version-history":[{"count":1,"href":"https:\/\/www.caririemacao.com\/1\/wp-json\/wp\/v2\/posts\/311166\/revisions"}],"predecessor-version":[{"id":311168,"href":"https:\/\/www.caririemacao.com\/1\/wp-json\/wp\/v2\/posts\/311166\/revisions\/311168"}],"wp:featuredmedia":[{"embeddable":true,"href":"https:\/\/www.caririemacao.com\/1\/wp-json\/wp\/v2\/media\/311167"}],"wp:attachment":[{"href":"https:\/\/www.caririemacao.com\/1\/wp-json\/wp\/v2\/media?parent=311166"}],"wp:term":[{"taxonomy":"category","embeddable":true,"href":"https:\/\/www.caririemacao.com\/1\/wp-json\/wp\/v2\/categories?post=311166"},{"taxonomy":"post_tag","embeddable":true,"href":"https:\/\/www.caririemacao.com\/1\/wp-json\/wp\/v2\/tags?post=311166"}],"curies":[{"name":"wp","href":"https:\/\/api.w.org\/{rel}","templated":true}]}}