{"id":311172,"date":"2026-03-13T09:08:23","date_gmt":"2026-03-13T12:08:23","guid":{"rendered":"https:\/\/www.caririemacao.com\/1\/?p=311172"},"modified":"2026-03-13T09:08:23","modified_gmt":"2026-03-13T12:08:23","slug":"padre-fabricio-timoteo-e-confirmado-como-primeira-atracao-dos-67-anos-de-serra-branca","status":"publish","type":"post","link":"https:\/\/www.caririemacao.com\/1\/2026\/03\/13\/padre-fabricio-timoteo-e-confirmado-como-primeira-atracao-dos-67-anos-de-serra-branca\/","title":{"rendered":"Padre Fabr\u00edcio Tim\u00f3teo \u00e9 confirmado como primeira atra\u00e7\u00e3o dos 67 anos de Serra Branca"},"content":{"rendered":"<p>A programa\u00e7\u00e3o comemorativa pelos 67 anos de emancipa\u00e7\u00e3o pol\u00edtica de Serra Branca, no Cariri paraibano, j\u00e1 come\u00e7a a ganhar forma e emo\u00e7\u00e3o.<\/p>\n<p>A primeira atra\u00e7\u00e3o confirmada para as festividades \u00e9 o carism\u00e1tico Padre Fabr\u00edcio Tim\u00f3teo, sacerdote conhecido por reunir multid\u00f5es em celebra\u00e7\u00f5es marcadas por momentos de f\u00e9, ora\u00e7\u00e3o e espiritualidade.<\/p>\n<p>Reconhecido em diversas regi\u00f5es do Nordeste por sua atua\u00e7\u00e3o evangelizadora, Padre Fabr\u00edcio tem se destacado pelas missas campais, encontros de ora\u00e7\u00e3o e eventos religiosos que mobilizam milhares de fi\u00e9is. Sua miss\u00e3o pastoral ultrapassa os templos e tamb\u00e9m alcan\u00e7a grande p\u00fablico nas redes sociais, onde compartilha mensagens de esperan\u00e7a, aconselhamento e fortalecimento da f\u00e9.<\/p>\n<figure class=\"wp-block-image aligncenter size-large is-resized\"><img fetchpriority=\"high\" decoding=\"async\" class=\"wp-image-158424 aligncenter\" src=\"https:\/\/deolhonocariri.com.br\/wp-content\/uploads\/2026\/03\/5f737c75-8470-4722-b660-3d135ee46cc6-576x1024.jpg\" sizes=\"(max-width: 576px) 100vw, 576px\" srcset=\"https:\/\/deolhonocariri.com.br\/wp-content\/uploads\/2026\/03\/5f737c75-8470-4722-b660-3d135ee46cc6-576x1024.jpg 576w, https:\/\/deolhonocariri.com.br\/wp-content\/uploads\/2026\/03\/5f737c75-8470-4722-b660-3d135ee46cc6-338x600.jpg 338w, https:\/\/deolhonocariri.com.br\/wp-content\/uploads\/2026\/03\/5f737c75-8470-4722-b660-3d135ee46cc6-225x400.jpg 225w, https:\/\/deolhonocariri.com.br\/wp-content\/uploads\/2026\/03\/5f737c75-8470-4722-b660-3d135ee46cc6-768x1365.jpg 768w, https:\/\/deolhonocariri.com.br\/wp-content\/uploads\/2026\/03\/5f737c75-8470-4722-b660-3d135ee46cc6-864x1536.jpg 864w, https:\/\/deolhonocariri.com.br\/wp-content\/uploads\/2026\/03\/5f737c75-8470-4722-b660-3d135ee46cc6.jpg 900w\" alt=\"\" width=\"282\" height=\"501\" \/><\/figure>\n<p>Natural da Para\u00edba e com uma trajet\u00f3ria marcada pela dedica\u00e7\u00e3o \u00e0 evangeliza\u00e7\u00e3o, o sacerdote se tornou uma das refer\u00eancias religiosas mais populares do estado, levando sua palavra a cidades de diferentes regi\u00f5es do pa\u00eds.<\/p>\n<p>O prefeito Alexandre destacou a alegria em confirmar a presen\u00e7a do sacerdote na programa\u00e7\u00e3o deste ano. Segundo ele, o convite ao Padre Fabr\u00edcio j\u00e1 vinha sendo articulado anteriormente. \u201c\u00c9 uma alegria muito grande poder confirmar a presen\u00e7a do Padre Fabr\u00edcio Tim\u00f3teo em Serra Branca. No ano passado j\u00e1 tivemos tratativas para traz\u00ea-lo \u00e0 nossa cidade, mas infelizmente n\u00e3o foi poss\u00edvel concretizar naquele momento. Este ano conseguimos viabilizar, atendendo a um pedido muito grande da nossa popula\u00e7\u00e3o, que tem um carinho enorme pelo trabalho de evangeliza\u00e7\u00e3o que ele realiza. Tenho certeza de que ser\u00e1 um momento muito especial para todos\u201d, afirmou o gestor.<\/p>\n<p>Nas pr\u00f3ximas semanas, a Prefeitura de Serra Branca dever\u00e1 continuar divulgando a programa\u00e7\u00e3o completa das festividades, incluindo outras atra\u00e7\u00f5es culturais, religiosas e musicais que far\u00e3o parte das comemora\u00e7\u00f5es pelos 67 anos do munic\u00edpio.<\/p>\n<p>SECOM\/PMSB<\/p>\n","protected":false},"excerpt":{"rendered":"<p>A programa\u00e7\u00e3o comemorativa pelos 67 anos de emancipa\u00e7\u00e3o pol\u00edtica de Serra Branca, no Cariri paraibano, j\u00e1 come\u00e7a a ganhar forma e emo\u00e7\u00e3o. A primeira atra\u00e7\u00e3o&hellip; <\/p>\n","protected":false},"author":6,"featured_media":311173,"comment_status":"closed","ping_status":"closed","sticky":false,"template":"","format":"standard","meta":{"sfsi_plus_gutenberg_text_before_share":"","sfsi_plus_gutenberg_show_text_before_share":"","sfsi_plus_gutenberg_icon_type":"","sfsi_plus_gutenberg_icon_alignemt":"","sfsi_plus_gutenburg_max_per_row":"","footnotes":""},"categories":[50,2,93],"tags":[],"class_list":["post-311172","post","type-post","status-publish","format-standard","has-post-thumbnail","hentry","category-destaque","category-geral","category-serra-branca"],"_links":{"self":[{"href":"https:\/\/www.caririemacao.com\/1\/wp-json\/wp\/v2\/posts\/311172","targetHints":{"allow":["GET"]}}],"collection":[{"href":"https:\/\/www.caririemacao.com\/1\/wp-json\/wp\/v2\/posts"}],"about":[{"href":"https:\/\/www.caririemacao.com\/1\/wp-json\/wp\/v2\/types\/post"}],"author":[{"embeddable":true,"href":"https:\/\/www.caririemacao.com\/1\/wp-json\/wp\/v2\/users\/6"}],"replies":[{"embeddable":true,"href":"https:\/\/www.caririemacao.com\/1\/wp-json\/wp\/v2\/comments?post=311172"}],"version-history":[{"count":1,"href":"https:\/\/www.caririemacao.com\/1\/wp-json\/wp\/v2\/posts\/311172\/revisions"}],"predecessor-version":[{"id":311175,"href":"https:\/\/www.caririemacao.com\/1\/wp-json\/wp\/v2\/posts\/311172\/revisions\/311175"}],"wp:featuredmedia":[{"embeddable":true,"href":"https:\/\/www.caririemacao.com\/1\/wp-json\/wp\/v2\/media\/311173"}],"wp:attachment":[{"href":"https:\/\/www.caririemacao.com\/1\/wp-json\/wp\/v2\/media?parent=311172"}],"wp:term":[{"taxonomy":"category","embeddable":true,"href":"https:\/\/www.caririemacao.com\/1\/wp-json\/wp\/v2\/categories?post=311172"},{"taxonomy":"post_tag","embeddable":true,"href":"https:\/\/www.caririemacao.com\/1\/wp-json\/wp\/v2\/tags?post=311172"}],"curies":[{"name":"wp","href":"https:\/\/api.w.org\/{rel}","templated":true}]}}