{"id":311178,"date":"2026-03-13T09:16:37","date_gmt":"2026-03-13T12:16:37","guid":{"rendered":"https:\/\/www.caririemacao.com\/1\/?p=311178"},"modified":"2026-03-13T09:16:37","modified_gmt":"2026-03-13T12:16:37","slug":"prefeito-da-prata-assina-convenio-de-mais-de-r-15-milhao-para-construcao-de-abatedouro-publico","status":"publish","type":"post","link":"https:\/\/www.caririemacao.com\/1\/2026\/03\/13\/prefeito-da-prata-assina-convenio-de-mais-de-r-15-milhao-para-construcao-de-abatedouro-publico\/","title":{"rendered":"Prefeito da Prata assina conv\u00eanio de mais de R$ 1,5 milh\u00e3o para constru\u00e7\u00e3o de abatedouro p\u00fablico"},"content":{"rendered":"<p style=\"font-weight: 400;\">O prefeito Genivaldo Temb\u00f3rio, do munic\u00edpio de Prata, participou nesta semana de um importante evento em Monteiro, onde foi realizada a certifica\u00e7\u00e3o do SUSAF\/PB e tamb\u00e9m a assinatura de novos conv\u00eanios entre munic\u00edpios e o Governo do Estado.<\/p>\n<p style=\"font-weight: 400;\">Durante a programa\u00e7\u00e3o, o gestor assinou um conv\u00eanio com o Governo da Para\u00edba para a constru\u00e7\u00e3o de um abatedouro p\u00fablico no munic\u00edpio da Prata. O investimento \u00e9 de R$ 1.509.829,43, recurso que ser\u00e1 destinado \u00e0 implanta\u00e7\u00e3o da estrutura, considerada importante para fortalecer a cadeia produtiva local.<\/p>\n<p style=\"font-weight: 400;\">De acordo com o prefeito, a iniciativa representa um avan\u00e7o significativo para o desenvolvimento econ\u00f4mico do munic\u00edpio, especialmente para produtores rurais e trabalhadores ligados ao setor agropecu\u00e1rio.<\/p>\n<p style=\"font-weight: 400;\">Genivaldo Temb\u00f3rio tamb\u00e9m agradeceu o apoio do governador Jo\u00e3o Azev\u00eado e destacou a articula\u00e7\u00e3o da ex-prefeita Anna Lorena N\u00f3brega para a concretiza\u00e7\u00e3o do conv\u00eanio.<\/p>\n<p style=\"font-weight: 400;\">O gestor ainda reconheceu a parceria de representantes de institui\u00e7\u00f5es e \u00f3rg\u00e3os ligados ao desenvolvimento regional, entre eles Madalena Arruda, Joaquim Hugo Vieira, Pedro Martins e Ricardo Morato.<\/p>\n<p style=\"font-weight: 400;\">Segundo a gest\u00e3o municipal, a constru\u00e7\u00e3o do abatedouro deve contribuir para melhorar as condi\u00e7\u00f5es de abate, garantir mais seguran\u00e7a sanit\u00e1ria e fortalecer a economia local, beneficiando produtores e comerciantes da regi\u00e3o.<\/p>\n<p style=\"font-weight: 400;\">\n<p style=\"font-weight: 400;\">Blog do Andr\u00e9<\/p>\n","protected":false},"excerpt":{"rendered":"<p>O prefeito Genivaldo Temb\u00f3rio, do munic\u00edpio de Prata, participou nesta semana de um importante evento em Monteiro, onde foi realizada a certifica\u00e7\u00e3o do SUSAF\/PB e&hellip; <\/p>\n","protected":false},"author":6,"featured_media":311180,"comment_status":"closed","ping_status":"closed","sticky":false,"template":"","format":"standard","meta":{"sfsi_plus_gutenberg_text_before_share":"","sfsi_plus_gutenberg_show_text_before_share":"","sfsi_plus_gutenberg_icon_type":"","sfsi_plus_gutenberg_icon_alignemt":"","sfsi_plus_gutenburg_max_per_row":"","footnotes":""},"categories":[50,2,85],"tags":[],"class_list":["post-311178","post","type-post","status-publish","format-standard","has-post-thumbnail","hentry","category-destaque","category-geral","category-prata"],"_links":{"self":[{"href":"https:\/\/www.caririemacao.com\/1\/wp-json\/wp\/v2\/posts\/311178","targetHints":{"allow":["GET"]}}],"collection":[{"href":"https:\/\/www.caririemacao.com\/1\/wp-json\/wp\/v2\/posts"}],"about":[{"href":"https:\/\/www.caririemacao.com\/1\/wp-json\/wp\/v2\/types\/post"}],"author":[{"embeddable":true,"href":"https:\/\/www.caririemacao.com\/1\/wp-json\/wp\/v2\/users\/6"}],"replies":[{"embeddable":true,"href":"https:\/\/www.caririemacao.com\/1\/wp-json\/wp\/v2\/comments?post=311178"}],"version-history":[{"count":1,"href":"https:\/\/www.caririemacao.com\/1\/wp-json\/wp\/v2\/posts\/311178\/revisions"}],"predecessor-version":[{"id":311182,"href":"https:\/\/www.caririemacao.com\/1\/wp-json\/wp\/v2\/posts\/311178\/revisions\/311182"}],"wp:featuredmedia":[{"embeddable":true,"href":"https:\/\/www.caririemacao.com\/1\/wp-json\/wp\/v2\/media\/311180"}],"wp:attachment":[{"href":"https:\/\/www.caririemacao.com\/1\/wp-json\/wp\/v2\/media?parent=311178"}],"wp:term":[{"taxonomy":"category","embeddable":true,"href":"https:\/\/www.caririemacao.com\/1\/wp-json\/wp\/v2\/categories?post=311178"},{"taxonomy":"post_tag","embeddable":true,"href":"https:\/\/www.caririemacao.com\/1\/wp-json\/wp\/v2\/tags?post=311178"}],"curies":[{"name":"wp","href":"https:\/\/api.w.org\/{rel}","templated":true}]}}