{"id":311181,"date":"2026-03-13T09:21:54","date_gmt":"2026-03-13T12:21:54","guid":{"rendered":"https:\/\/www.caririemacao.com\/1\/?p=311181"},"modified":"2026-03-13T09:21:54","modified_gmt":"2026-03-13T12:21:54","slug":"prefeitura-de-camalau-libera-pagamento-da-bolsa-universitaria-referente-a-marco-de-2026","status":"publish","type":"post","link":"https:\/\/www.caririemacao.com\/1\/2026\/03\/13\/prefeitura-de-camalau-libera-pagamento-da-bolsa-universitaria-referente-a-marco-de-2026\/","title":{"rendered":"Prefeitura de Camala\u00fa libera pagamento da Bolsa Universit\u00e1ria referente a mar\u00e7o de 2026"},"content":{"rendered":"<p>A Prefeitura de Camala\u00fa, no Cariri paraibano, informou que o pagamento da Bolsa Universit\u00e1ria referente ao m\u00eas de mar\u00e7o de 2026 j\u00e1 est\u00e1 dispon\u00edvel nas contas dos estudantes beneficiados pelo programa.<\/p>\n<p>De acordo com a gest\u00e3o municipal, o benef\u00edcio tem como objetivo apoiar os universit\u00e1rios do munic\u00edpio que estudam fora da cidade, contribuindo para custos como transporte, alimenta\u00e7\u00e3o e outras despesas relacionadas \u00e0 vida acad\u00eamica.<\/p>\n<p>A iniciativa faz parte das a\u00e7\u00f5es da administra\u00e7\u00e3o municipal voltadas para o fortalecimento da educa\u00e7\u00e3o e para o incentivo \u00e0 forma\u00e7\u00e3o profissional dos jovens camalauenses.<\/p>\n<p>O prefeito Bira Mariano destacou a import\u00e2ncia do programa para o desenvolvimento do munic\u00edpio e para o futuro dos estudantes.<\/p>\n<p>\u201cNosso compromisso \u00e9 continuar apoiando os estudantes de Camala\u00fa, garantindo que eles tenham condi\u00e7\u00f5es de buscar sua forma\u00e7\u00e3o e realizar seus sonhos. Investir na educa\u00e7\u00e3o \u00e9 investir no futuro da nossa cidade\u201d, afirmou o prefeito Bira Mariano.<\/p>\n<p>A Prefeitura refor\u00e7a que o programa da Bolsa Universit\u00e1ria \u00e9 uma das pol\u00edticas p\u00fablicas voltadas ao incentivo \u00e0 educa\u00e7\u00e3o no munic\u00edpio, contribuindo para ampliar oportunidades para os jovens.<\/p>\n","protected":false},"excerpt":{"rendered":"<p>A Prefeitura de Camala\u00fa, no Cariri paraibano, informou que o pagamento da Bolsa Universit\u00e1ria referente ao m\u00eas de mar\u00e7o de 2026 j\u00e1 est\u00e1 dispon\u00edvel nas&hellip; <\/p>\n","protected":false},"author":6,"featured_media":295140,"comment_status":"closed","ping_status":"closed","sticky":false,"template":"","format":"standard","meta":{"sfsi_plus_gutenberg_text_before_share":"","sfsi_plus_gutenberg_show_text_before_share":"","sfsi_plus_gutenberg_icon_type":"","sfsi_plus_gutenberg_icon_alignemt":"","sfsi_plus_gutenburg_max_per_row":"","footnotes":""},"categories":[71,50,2],"tags":[],"class_list":["post-311181","post","type-post","status-publish","format-standard","has-post-thumbnail","hentry","category-camalau","category-destaque","category-geral"],"_links":{"self":[{"href":"https:\/\/www.caririemacao.com\/1\/wp-json\/wp\/v2\/posts\/311181","targetHints":{"allow":["GET"]}}],"collection":[{"href":"https:\/\/www.caririemacao.com\/1\/wp-json\/wp\/v2\/posts"}],"about":[{"href":"https:\/\/www.caririemacao.com\/1\/wp-json\/wp\/v2\/types\/post"}],"author":[{"embeddable":true,"href":"https:\/\/www.caririemacao.com\/1\/wp-json\/wp\/v2\/users\/6"}],"replies":[{"embeddable":true,"href":"https:\/\/www.caririemacao.com\/1\/wp-json\/wp\/v2\/comments?post=311181"}],"version-history":[{"count":1,"href":"https:\/\/www.caririemacao.com\/1\/wp-json\/wp\/v2\/posts\/311181\/revisions"}],"predecessor-version":[{"id":311183,"href":"https:\/\/www.caririemacao.com\/1\/wp-json\/wp\/v2\/posts\/311181\/revisions\/311183"}],"wp:featuredmedia":[{"embeddable":true,"href":"https:\/\/www.caririemacao.com\/1\/wp-json\/wp\/v2\/media\/295140"}],"wp:attachment":[{"href":"https:\/\/www.caririemacao.com\/1\/wp-json\/wp\/v2\/media?parent=311181"}],"wp:term":[{"taxonomy":"category","embeddable":true,"href":"https:\/\/www.caririemacao.com\/1\/wp-json\/wp\/v2\/categories?post=311181"},{"taxonomy":"post_tag","embeddable":true,"href":"https:\/\/www.caririemacao.com\/1\/wp-json\/wp\/v2\/tags?post=311181"}],"curies":[{"name":"wp","href":"https:\/\/api.w.org\/{rel}","templated":true}]}}