{"id":311187,"date":"2026-03-13T20:06:01","date_gmt":"2026-03-13T23:06:01","guid":{"rendered":"https:\/\/www.caririemacao.com\/1\/?p=311187"},"modified":"2026-03-13T20:19:48","modified_gmt":"2026-03-13T23:19:48","slug":"assista-paulo-neto-analisa-cenario-politico-da-paraiba-avalia-administracao-de-monteiro-e-admite-disputar-prefeitura-em-2028","status":"publish","type":"post","link":"https:\/\/www.caririemacao.com\/1\/2026\/03\/13\/assista-paulo-neto-analisa-cenario-politico-da-paraiba-avalia-administracao-de-monteiro-e-admite-disputar-prefeitura-em-2028\/","title":{"rendered":"ASSISTA: Paulo Neto analisa cen\u00e1rio pol\u00edtico da Para\u00edba, avalia administra\u00e7\u00e3o de Monteiro e admite disputar Prefeitura em 2028"},"content":{"rendered":"<p data-start=\"117\" data-end=\"478\">O ex-candidato a vice-prefeito de Monteiro nas elei\u00e7\u00f5es de 2024, Paulo Neto, concedeu entrevista nesta sexta-feira (13) ao programa Cariri em A\u00e7\u00e3o, apresentado pelo jornalista Marivaldo Alc\u00e2ntara. Durante a conversa, ele comentou sobre a atual administra\u00e7\u00e3o municipal e tamb\u00e9m analisou o cen\u00e1rio pol\u00edtico da Para\u00edba com vistas \u00e0s elei\u00e7\u00f5es deste ano.<\/p>\n<p data-start=\"480\" data-end=\"730\">Ao avaliar a gest\u00e3o da prefeita de Monteiro, Paulo Neto afirmou que a administra\u00e7\u00e3o apresenta pontos positivos e negativos. Segundo ele, ainda h\u00e1 problemas relacionados \u00e0 demora na solu\u00e7\u00e3o de demandas b\u00e1sicas da popula\u00e7\u00e3o.\u00a0\u201cA in\u00e9rcia continua, h\u00e1 demora para resolver problemas b\u00e1sicos da popula\u00e7\u00e3o\u201d, afirmou.<\/p>\n<p data-start=\"820\" data-end=\"1023\">Apesar das cr\u00edticas, Paulo Neto destacou um avan\u00e7o na \u00e1rea da limpeza urbana. De acordo com ele, a atual gest\u00e3o conseguiu resolver uma situa\u00e7\u00e3o considerada cr\u00edtica envolvendo o ac\u00famulo de lixo na cidade.<\/p>\n<p data-start=\"1025\" data-end=\"1311\">\u201c\u00c9 preciso reconhecer que houve um ponto positivo, que foi a quest\u00e3o do lixo. A prefeita herdou a cidade com muito lixo da gest\u00e3o da ex-prefeita Anna Lorena e conseguiu resolver esse problema. Posso dizer que a administra\u00e7\u00e3o de Ana Paula \u00e9 menos desorganizada que a anterior\u201d, destacou.<\/p>\n<p data-start=\"1313\" data-end=\"1513\">Durante a entrevista, Paulo Neto tamb\u00e9m comentou sobre o cen\u00e1rio pol\u00edtico estadual e declarou acreditar na vit\u00f3ria do prefeito de Jo\u00e3o Pessoa, C\u00edcero Lucena, caso ele dispute o Governo da Para\u00edba.<\/p>\n<p data-start=\"1313\" data-end=\"1513\">Para ele, a experi\u00eancia administrativa de C\u00edcero \u00e9 um fator determinante. \u201cAcredito na vit\u00f3ria de C\u00edcero Lucena pela sua capacidade e experi\u00eancia administrativa. Ele j\u00e1 foi prefeito de Jo\u00e3o Pessoa por quatro vezes e conhece a realidade do estado\u201d, afirmou.<\/p>\n<p data-start=\"1774\" data-end=\"2023\">Paulo Neto revelou ainda que, durante encontro recente com o gestor da capital paraibana, foram discutidos temas relacionados ao munic\u00edpio de Monteiro. Entre os pontos abordados, ele citou cr\u00edticas \u00e0 condu\u00e7\u00e3o de \u00f3rg\u00e3os estaduais que atuam na cidade.<\/p>\n<p data-start=\"2025\" data-end=\"2144\">Segundo ele, um dos principais assuntos tratados foi a m\u00e1 administra\u00e7\u00e3o de \u00f3rg\u00e3os do Governo do Estado em Monteiro.<\/p>\n<p data-start=\"2146\" data-end=\"2413\">O ex-candidato tamb\u00e9m foi questionado sobre a rela\u00e7\u00e3o pol\u00edtica com o deputado estadual Michel Henrique, que recentemente declarou apoio \u00e0 pr\u00e9-candidatura do vice-governador Lucas Ribeiro ao Governo da Para\u00edba, mesmo integrando o campo de oposi\u00e7\u00e3o em Monteiro.<\/p>\n<p data-start=\"2415\" data-end=\"2519\">Paulo Neto afirmou que a posi\u00e7\u00e3o pol\u00edtica do parlamentar n\u00e3o altera a rela\u00e7\u00e3o pessoal entre os dois.\u00a0\u201cN\u00e3o muda em nada. A rela\u00e7\u00e3o continua a mesma. Michel Henrique \u00e9 meu amigo\u201d, concluiu.<\/p>\n<p data-start=\"2521\" data-end=\"2607\" data-is-last-node=\"\" data-is-only-node=\"\">Durante a entrevista, Paulo Neto tamb\u00e9m afirmou que coloca seu nome \u00e0 disposi\u00e7\u00e3o para disputar a Prefeitura de Monteiro nas elei\u00e7\u00f5es municipais de 2028, destacando que pretende continuar participando do debate pol\u00edtico e contribuindo com o futuro do munic\u00edpio.<\/p>\n<p data-start=\"2521\" data-end=\"2607\" data-is-last-node=\"\" data-is-only-node=\"\"><strong>ASSISTA:<\/strong><\/p>\n<p><div class=\"ose-youtube ose-uid-c0d291b51e7300bb303253c086caa3a7 ose-embedpress-responsive\" style=\"width:600px; height:550px; max-height:550px; max-width:100%; display:inline-block;\" data-embed-type=\"Youtube\"><iframe allowFullScreen=\"true\" title=\"PROGRAMA CARIRI EM A\u00c7\u00c3O, ASSISTA!\" width=\"600\" height=\"550\" data-src=\"https:\/\/www.youtube.com\/embed\/hKAx1ZVOzS0?feature=oembed&color=red&rel=0&controls=1&start=&end=&fs=0&iv_load_policy=0&autoplay=0&mute=0&modestbranding=0&cc_load_policy=1&playsinline=1\" frameborder=\"0\" allow=\"accelerometer; encrypted-media;accelerometer;autoplay;clipboard-write;gyroscope;picture-in-picture clipboard-write; encrypted-media; gyroscope; picture-in-picture; web-share\" referrerpolicy=\"strict-origin-when-cross-origin\" allowfullscreen src=\"data:image\/svg+xml;base64,PHN2ZyB3aWR0aD0iMSIgaGVpZ2h0PSIxIiB4bWxucz0iaHR0cDovL3d3dy53My5vcmcvMjAwMC9zdmciPjwvc3ZnPg==\" class=\"lazyload\" data-load-mode=\"1\"><\/iframe><\/div><\/p>\n<p>&nbsp;<\/p>\n<p><strong>CARIRI EM A\u00c7\u00c3O<\/strong><\/p>\n","protected":false},"excerpt":{"rendered":"<p>O ex-candidato a vice-prefeito de Monteiro nas elei\u00e7\u00f5es de 2024, Paulo Neto, concedeu entrevista nesta sexta-feira (13) ao programa Cariri em A\u00e7\u00e3o, apresentado pelo jornalista&hellip; <\/p>\n","protected":false},"author":6,"featured_media":311188,"comment_status":"closed","ping_status":"closed","sticky":false,"template":"","format":"standard","meta":{"sfsi_plus_gutenberg_text_before_share":"","sfsi_plus_gutenberg_show_text_before_share":"","sfsi_plus_gutenberg_icon_type":"","sfsi_plus_gutenberg_icon_alignemt":"","sfsi_plus_gutenburg_max_per_row":"","footnotes":""},"categories":[50,2,81],"tags":[],"class_list":["post-311187","post","type-post","status-publish","format-standard","has-post-thumbnail","hentry","category-destaque","category-geral","category-monteiro"],"_links":{"self":[{"href":"https:\/\/www.caririemacao.com\/1\/wp-json\/wp\/v2\/posts\/311187","targetHints":{"allow":["GET"]}}],"collection":[{"href":"https:\/\/www.caririemacao.com\/1\/wp-json\/wp\/v2\/posts"}],"about":[{"href":"https:\/\/www.caririemacao.com\/1\/wp-json\/wp\/v2\/types\/post"}],"author":[{"embeddable":true,"href":"https:\/\/www.caririemacao.com\/1\/wp-json\/wp\/v2\/users\/6"}],"replies":[{"embeddable":true,"href":"https:\/\/www.caririemacao.com\/1\/wp-json\/wp\/v2\/comments?post=311187"}],"version-history":[{"count":4,"href":"https:\/\/www.caririemacao.com\/1\/wp-json\/wp\/v2\/posts\/311187\/revisions"}],"predecessor-version":[{"id":311195,"href":"https:\/\/www.caririemacao.com\/1\/wp-json\/wp\/v2\/posts\/311187\/revisions\/311195"}],"wp:featuredmedia":[{"embeddable":true,"href":"https:\/\/www.caririemacao.com\/1\/wp-json\/wp\/v2\/media\/311188"}],"wp:attachment":[{"href":"https:\/\/www.caririemacao.com\/1\/wp-json\/wp\/v2\/media?parent=311187"}],"wp:term":[{"taxonomy":"category","embeddable":true,"href":"https:\/\/www.caririemacao.com\/1\/wp-json\/wp\/v2\/categories?post=311187"},{"taxonomy":"post_tag","embeddable":true,"href":"https:\/\/www.caririemacao.com\/1\/wp-json\/wp\/v2\/tags?post=311187"}],"curies":[{"name":"wp","href":"https:\/\/api.w.org\/{rel}","templated":true}]}}