{"id":311190,"date":"2026-03-13T16:08:39","date_gmt":"2026-03-13T19:08:39","guid":{"rendered":"https:\/\/www.caririemacao.com\/1\/?p=311190"},"modified":"2026-03-13T16:08:39","modified_gmt":"2026-03-13T19:08:39","slug":"grave-acidente-na-br-412-mobiliza-socorro-entre-sao-joao-do-cariri-e-boa-vista","status":"publish","type":"post","link":"https:\/\/www.caririemacao.com\/1\/2026\/03\/13\/grave-acidente-na-br-412-mobiliza-socorro-entre-sao-joao-do-cariri-e-boa-vista\/","title":{"rendered":"Grave acidente na BR-412 mobiliza socorro entre S\u00e3o Jo\u00e3o do Cariri e Boa Vista"},"content":{"rendered":"<p>Um grave acidente foi registrado nesta sexta-feira (13) na BR-412, na sa\u00edda de S\u00e3o Jo\u00e3o do Cariri para Boa Vista, e chamou a aten\u00e7\u00e3o de quem passava pelo local pela forte movimenta\u00e7\u00e3o de equipes de resgate e pela gravidade da colis\u00e3o.<\/p>\n<p>De acordo com as primeiras informa\u00e7\u00f5es, o sinistro envolveu uma carreta, um caminh\u00e3o e um carro de passeio. O Samu esteve no local realizando os primeiros socorros e encaminhando as v\u00edtimas para unidades hospitalares da regi\u00e3o. Os casos considerados mais graves teriam sido levados para o Hospital de Emerg\u00eancia e Trauma.<\/p>\n<p>At\u00e9 o momento, ainda n\u00e3o h\u00e1 informa\u00e7\u00f5es oficiais sobre o que teria provocado o acidente, nem a confirma\u00e7\u00e3o se houve v\u00edtimas fatais no local. A situa\u00e7\u00e3o segue em atualiza\u00e7\u00e3o, e novas informa\u00e7\u00f5es devem ser divulgadas assim que forem confirmadas pelas autoridades competentes.<\/p>\n<p>Imagens feitas no local mostram a for\u00e7a do impacto e a grande destrui\u00e7\u00e3o causada nos ve\u00edculos envolvidos, refor\u00e7ando a gravidade da ocorr\u00eancia.<\/p>\n<p>&nbsp;<\/p>\n<p><b>CARIRI EM A\u00c7\u00c3O<\/b><\/p>\n<p><em>Com Sizak da M\u00eddia<\/em><\/p>\n","protected":false},"excerpt":{"rendered":"<p>Um grave acidente foi registrado nesta sexta-feira (13) na BR-412, na sa\u00edda de S\u00e3o Jo\u00e3o do Cariri para Boa Vista, e chamou a aten\u00e7\u00e3o de&hellip; <\/p>\n","protected":false},"author":6,"featured_media":311191,"comment_status":"closed","ping_status":"closed","sticky":false,"template":"","format":"standard","meta":{"sfsi_plus_gutenberg_text_before_share":"","sfsi_plus_gutenberg_show_text_before_share":"","sfsi_plus_gutenberg_icon_type":"","sfsi_plus_gutenberg_icon_alignemt":"","sfsi_plus_gutenburg_max_per_row":"","footnotes":""},"categories":[69,106,50,2,88],"tags":[],"class_list":["post-311190","post","type-post","status-publish","format-standard","has-post-thumbnail","hentry","category-boa-vista","category-cariri","category-destaque","category-geral","category-sao-joao-do-cariri"],"_links":{"self":[{"href":"https:\/\/www.caririemacao.com\/1\/wp-json\/wp\/v2\/posts\/311190","targetHints":{"allow":["GET"]}}],"collection":[{"href":"https:\/\/www.caririemacao.com\/1\/wp-json\/wp\/v2\/posts"}],"about":[{"href":"https:\/\/www.caririemacao.com\/1\/wp-json\/wp\/v2\/types\/post"}],"author":[{"embeddable":true,"href":"https:\/\/www.caririemacao.com\/1\/wp-json\/wp\/v2\/users\/6"}],"replies":[{"embeddable":true,"href":"https:\/\/www.caririemacao.com\/1\/wp-json\/wp\/v2\/comments?post=311190"}],"version-history":[{"count":1,"href":"https:\/\/www.caririemacao.com\/1\/wp-json\/wp\/v2\/posts\/311190\/revisions"}],"predecessor-version":[{"id":311192,"href":"https:\/\/www.caririemacao.com\/1\/wp-json\/wp\/v2\/posts\/311190\/revisions\/311192"}],"wp:featuredmedia":[{"embeddable":true,"href":"https:\/\/www.caririemacao.com\/1\/wp-json\/wp\/v2\/media\/311191"}],"wp:attachment":[{"href":"https:\/\/www.caririemacao.com\/1\/wp-json\/wp\/v2\/media?parent=311190"}],"wp:term":[{"taxonomy":"category","embeddable":true,"href":"https:\/\/www.caririemacao.com\/1\/wp-json\/wp\/v2\/categories?post=311190"},{"taxonomy":"post_tag","embeddable":true,"href":"https:\/\/www.caririemacao.com\/1\/wp-json\/wp\/v2\/tags?post=311190"}],"curies":[{"name":"wp","href":"https:\/\/api.w.org\/{rel}","templated":true}]}}