{"id":311200,"date":"2026-03-13T22:58:31","date_gmt":"2026-03-14T01:58:31","guid":{"rendered":"https:\/\/www.caririemacao.com\/1\/?p=311200"},"modified":"2026-03-13T22:58:31","modified_gmt":"2026-03-14T01:58:31","slug":"prefeitura-de-sao-joao-do-tigre-realiza-programacao-especial-em-homenagem-ao-dia-da-mulher","status":"publish","type":"post","link":"https:\/\/www.caririemacao.com\/1\/2026\/03\/13\/prefeitura-de-sao-joao-do-tigre-realiza-programacao-especial-em-homenagem-ao-dia-da-mulher\/","title":{"rendered":"Prefeitura de S\u00e3o Jo\u00e3o do Tigre realiza programa\u00e7\u00e3o especial em homenagem ao Dia da Mulher"},"content":{"rendered":"<p data-start=\"124\" data-end=\"444\">A Prefeitura de S\u00e3o Jo\u00e3o do Tigre, no Cariri paraibano, promoveu na noite desta sexta-feira (13) uma programa\u00e7\u00e3o especial em homenagem ao Dia Internacional da Mulher. O evento aconteceu no Gin\u00e1sio Poliesportivo do munic\u00edpio e reuniu dezenas de mulheres tigrenses em um momento de celebra\u00e7\u00e3o e reconhecimento.<\/p>\n<p data-start=\"124\" data-end=\"444\"><img fetchpriority=\"high\" decoding=\"async\" class=\" wp-image-311203 aligncenter\" src=\"https:\/\/www.caririemacao.com\/1\/wp-content\/uploads\/2026\/03\/d64a7454-c37f-432c-b66c-704d9dbe59ce-300x225.jpg\" alt=\"\" width=\"359\" height=\"269\" srcset=\"https:\/\/www.caririemacao.com\/1\/wp-content\/uploads\/2026\/03\/d64a7454-c37f-432c-b66c-704d9dbe59ce-300x225.jpg 300w, https:\/\/www.caririemacao.com\/1\/wp-content\/uploads\/2026\/03\/d64a7454-c37f-432c-b66c-704d9dbe59ce-1280x960.jpg 1280w, https:\/\/www.caririemacao.com\/1\/wp-content\/uploads\/2026\/03\/d64a7454-c37f-432c-b66c-704d9dbe59ce-768x576.jpg 768w, https:\/\/www.caririemacao.com\/1\/wp-content\/uploads\/2026\/03\/d64a7454-c37f-432c-b66c-704d9dbe59ce-1536x1152.jpg 1536w, https:\/\/www.caririemacao.com\/1\/wp-content\/uploads\/2026\/03\/d64a7454-c37f-432c-b66c-704d9dbe59ce.jpg 1600w\" sizes=\"(max-width: 359px) 100vw, 359px\" \/><\/p>\n<p data-start=\"446\" data-end=\"665\">A programa\u00e7\u00e3o contou com jantar especial, m\u00fasica ao vivo e entrega de brindes, proporcionando uma noite de confraterniza\u00e7\u00e3o e valoriza\u00e7\u00e3o das mulheres que contribuem diariamente para o desenvolvimento da comunidade.<\/p>\n<p data-start=\"667\" data-end=\"936\">O evento contou com a presen\u00e7a do prefeito M\u00e1rcio Leite, da vice-prefeita Aucilene Tutu, do presidente da C\u00e2mara Municipal, vereador Arn\u00f3bio Pereira, al\u00e9m de vereadores, secret\u00e1rios municipais, auxiliares da gest\u00e3o e um grande p\u00fablico feminino do munic\u00edpio.<\/p>\n<p data-start=\"667\" data-end=\"936\"><img decoding=\"async\" class=\"wp-image-311204 aligncenter lazyload\" data-src=\"https:\/\/www.caririemacao.com\/1\/wp-content\/uploads\/2026\/03\/25379e69-2b0a-4792-8846-622eaae7b9a1-300x225.jpg\" alt=\"\" width=\"376\" height=\"282\" data-srcset=\"https:\/\/www.caririemacao.com\/1\/wp-content\/uploads\/2026\/03\/25379e69-2b0a-4792-8846-622eaae7b9a1-300x225.jpg 300w, https:\/\/www.caririemacao.com\/1\/wp-content\/uploads\/2026\/03\/25379e69-2b0a-4792-8846-622eaae7b9a1-1280x960.jpg 1280w, https:\/\/www.caririemacao.com\/1\/wp-content\/uploads\/2026\/03\/25379e69-2b0a-4792-8846-622eaae7b9a1-768x576.jpg 768w, https:\/\/www.caririemacao.com\/1\/wp-content\/uploads\/2026\/03\/25379e69-2b0a-4792-8846-622eaae7b9a1-1536x1152.jpg 1536w, https:\/\/www.caririemacao.com\/1\/wp-content\/uploads\/2026\/03\/25379e69-2b0a-4792-8846-622eaae7b9a1.jpg 1600w\" data-sizes=\"(max-width: 376px) 100vw, 376px\" src=\"data:image\/svg+xml;base64,PHN2ZyB3aWR0aD0iMSIgaGVpZ2h0PSIxIiB4bWxucz0iaHR0cDovL3d3dy53My5vcmcvMjAwMC9zdmciPjwvc3ZnPg==\" style=\"--smush-placeholder-width: 376px; --smush-placeholder-aspect-ratio: 376\/282;\" \/><\/p>\n<p data-start=\"938\" data-end=\"1053\">Durante a ocasi\u00e3o, o prefeito M\u00e1rcio Leite destacou a import\u00e2ncia da homenagem e comemorou o sucesso do evento.<\/p>\n<p data-start=\"1055\" data-end=\"1372\">\u201cFoi uma noite muito especial preparada com muito carinho para as mulheres de S\u00e3o Jo\u00e3o do Tigre. Elas t\u00eam um papel fundamental em nossa sociedade e merecem todo o reconhecimento e respeito. Ficamos muito felizes em ver esse momento de confraterniza\u00e7\u00e3o, alegria e valoriza\u00e7\u00e3o das mulheres tigrenses\u201d, afirmou o gestor.<\/p>\n<p data-start=\"1055\" data-end=\"1372\"><img decoding=\"async\" class=\"wp-image-311205 aligncenter lazyload\" data-src=\"https:\/\/www.caririemacao.com\/1\/wp-content\/uploads\/2026\/03\/WhatsApp-Image-2026-03-13-at-22.16.34-1-300x225.jpeg\" alt=\"\" width=\"356\" height=\"267\" data-srcset=\"https:\/\/www.caririemacao.com\/1\/wp-content\/uploads\/2026\/03\/WhatsApp-Image-2026-03-13-at-22.16.34-1-300x225.jpeg 300w, https:\/\/www.caririemacao.com\/1\/wp-content\/uploads\/2026\/03\/WhatsApp-Image-2026-03-13-at-22.16.34-1-1280x960.jpeg 1280w, https:\/\/www.caririemacao.com\/1\/wp-content\/uploads\/2026\/03\/WhatsApp-Image-2026-03-13-at-22.16.34-1-768x576.jpeg 768w, https:\/\/www.caririemacao.com\/1\/wp-content\/uploads\/2026\/03\/WhatsApp-Image-2026-03-13-at-22.16.34-1-1536x1152.jpeg 1536w, https:\/\/www.caririemacao.com\/1\/wp-content\/uploads\/2026\/03\/WhatsApp-Image-2026-03-13-at-22.16.34-1.jpeg 1600w\" data-sizes=\"(max-width: 356px) 100vw, 356px\" src=\"data:image\/svg+xml;base64,PHN2ZyB3aWR0aD0iMSIgaGVpZ2h0PSIxIiB4bWxucz0iaHR0cDovL3d3dy53My5vcmcvMjAwMC9zdmciPjwvc3ZnPg==\" style=\"--smush-placeholder-width: 356px; --smush-placeholder-aspect-ratio: 356\/267;\" \/><\/p>\n<p data-start=\"1374\" data-end=\"1571\">A iniciativa teve como objetivo reconhecer a import\u00e2ncia das mulheres na sociedade e refor\u00e7ar o compromisso da gest\u00e3o municipal com pol\u00edticas de valoriza\u00e7\u00e3o e respeito \u00e0s mulheres do munic\u00edpio.<\/p>\n<p data-start=\"1573\" data-end=\"1788\" data-is-last-node=\"\" data-is-only-node=\"\">A noite foi marcada por momentos de integra\u00e7\u00e3o, celebra\u00e7\u00e3o e gratid\u00e3o, reunindo mulheres de diferentes comunidades de S\u00e3o Jo\u00e3o do Tigre para comemorar uma data dedicada \u00e0 luta, conquistas e valoriza\u00e7\u00e3o feminina.<\/p>\n<p data-start=\"1573\" data-end=\"1788\" data-is-last-node=\"\" data-is-only-node=\"\"><img decoding=\"async\" class=\"wp-image-311206 aligncenter lazyload\" data-src=\"https:\/\/www.caririemacao.com\/1\/wp-content\/uploads\/2026\/03\/WhatsApp-Image-2026-03-13-at-21.12.37-300x225.jpeg\" alt=\"\" width=\"369\" height=\"277\" data-srcset=\"https:\/\/www.caririemacao.com\/1\/wp-content\/uploads\/2026\/03\/WhatsApp-Image-2026-03-13-at-21.12.37-300x225.jpeg 300w, https:\/\/www.caririemacao.com\/1\/wp-content\/uploads\/2026\/03\/WhatsApp-Image-2026-03-13-at-21.12.37-1280x960.jpeg 1280w, https:\/\/www.caririemacao.com\/1\/wp-content\/uploads\/2026\/03\/WhatsApp-Image-2026-03-13-at-21.12.37-768x576.jpeg 768w, https:\/\/www.caririemacao.com\/1\/wp-content\/uploads\/2026\/03\/WhatsApp-Image-2026-03-13-at-21.12.37-1536x1152.jpeg 1536w, https:\/\/www.caririemacao.com\/1\/wp-content\/uploads\/2026\/03\/WhatsApp-Image-2026-03-13-at-21.12.37.jpeg 1600w\" data-sizes=\"(max-width: 369px) 100vw, 369px\" src=\"data:image\/svg+xml;base64,PHN2ZyB3aWR0aD0iMSIgaGVpZ2h0PSIxIiB4bWxucz0iaHR0cDovL3d3dy53My5vcmcvMjAwMC9zdmciPjwvc3ZnPg==\" style=\"--smush-placeholder-width: 369px; --smush-placeholder-aspect-ratio: 369\/277;\" \/><\/p>\n<p data-start=\"1573\" data-end=\"1788\" data-is-last-node=\"\" data-is-only-node=\"\"><strong>CARIRI EM A\u00c7\u00c3O<\/strong><\/p>\n","protected":false},"excerpt":{"rendered":"<p>A Prefeitura de S\u00e3o Jo\u00e3o do Tigre, no Cariri paraibano, promoveu na noite desta sexta-feira (13) uma programa\u00e7\u00e3o especial em homenagem ao Dia Internacional da&hellip; <\/p>\n","protected":false},"author":6,"featured_media":311201,"comment_status":"closed","ping_status":"closed","sticky":false,"template":"","format":"standard","meta":{"sfsi_plus_gutenberg_text_before_share":"","sfsi_plus_gutenberg_show_text_before_share":"","sfsi_plus_gutenberg_icon_type":"","sfsi_plus_gutenberg_icon_alignemt":"","sfsi_plus_gutenburg_max_per_row":"","footnotes":""},"categories":[50,2,89],"tags":[],"class_list":["post-311200","post","type-post","status-publish","format-standard","has-post-thumbnail","hentry","category-destaque","category-geral","category-sao-joao-do-tigre"],"_links":{"self":[{"href":"https:\/\/www.caririemacao.com\/1\/wp-json\/wp\/v2\/posts\/311200","targetHints":{"allow":["GET"]}}],"collection":[{"href":"https:\/\/www.caririemacao.com\/1\/wp-json\/wp\/v2\/posts"}],"about":[{"href":"https:\/\/www.caririemacao.com\/1\/wp-json\/wp\/v2\/types\/post"}],"author":[{"embeddable":true,"href":"https:\/\/www.caririemacao.com\/1\/wp-json\/wp\/v2\/users\/6"}],"replies":[{"embeddable":true,"href":"https:\/\/www.caririemacao.com\/1\/wp-json\/wp\/v2\/comments?post=311200"}],"version-history":[{"count":1,"href":"https:\/\/www.caririemacao.com\/1\/wp-json\/wp\/v2\/posts\/311200\/revisions"}],"predecessor-version":[{"id":311207,"href":"https:\/\/www.caririemacao.com\/1\/wp-json\/wp\/v2\/posts\/311200\/revisions\/311207"}],"wp:featuredmedia":[{"embeddable":true,"href":"https:\/\/www.caririemacao.com\/1\/wp-json\/wp\/v2\/media\/311201"}],"wp:attachment":[{"href":"https:\/\/www.caririemacao.com\/1\/wp-json\/wp\/v2\/media?parent=311200"}],"wp:term":[{"taxonomy":"category","embeddable":true,"href":"https:\/\/www.caririemacao.com\/1\/wp-json\/wp\/v2\/categories?post=311200"},{"taxonomy":"post_tag","embeddable":true,"href":"https:\/\/www.caririemacao.com\/1\/wp-json\/wp\/v2\/tags?post=311200"}],"curies":[{"name":"wp","href":"https:\/\/api.w.org\/{rel}","templated":true}]}}