{"id":311213,"date":"2026-03-14T09:43:24","date_gmt":"2026-03-14T12:43:24","guid":{"rendered":"https:\/\/www.caririemacao.com\/1\/?p=311213"},"modified":"2026-03-14T09:43:24","modified_gmt":"2026-03-14T12:43:24","slug":"bolsonaro-e-internado-em-uti-hospitalar-com-broncopneumonia-bilateral","status":"publish","type":"post","link":"https:\/\/www.caririemacao.com\/1\/2026\/03\/14\/bolsonaro-e-internado-em-uti-hospitalar-com-broncopneumonia-bilateral\/","title":{"rendered":"Bolsonaro \u00e9 internado em UTI hospitalar com broncopneumonia bilateral"},"content":{"rendered":"<div class=\"header-noticia full-width\">\n<div class=\"linha-fina-noticia\" style=\"text-align: center;\"><em><strong>Ex-presidente teve febre, queda da satura\u00e7\u00e3o de oxig\u00eanio e calafrios<\/strong><\/em><\/div>\n<div><\/div>\n<\/div>\n<div>\n<p>O ex-presidente Jair Bolsonaro est\u00e1 internado na unidade de terapia intensiva (UTI) do Hospital DF Star, em Bras\u00edlia, com broncopneumonia bacteriana bilateral de prov\u00e1vel origem aspirativa.<img decoding=\"async\" data-src=\"https:\/\/agenciabrasil.ebc.com.br\/ebc.png?id=1681838&amp;o=node\" src=\"data:image\/svg+xml;base64,PHN2ZyB3aWR0aD0iMSIgaGVpZ2h0PSIxIiB4bWxucz0iaHR0cDovL3d3dy53My5vcmcvMjAwMC9zdmciPjwvc3ZnPg==\" class=\"lazyload\" \/><img decoding=\"async\" data-src=\"https:\/\/agenciabrasil.ebc.com.br\/ebc.gif?id=1681838&amp;o=node\" src=\"data:image\/svg+xml;base64,PHN2ZyB3aWR0aD0iMSIgaGVpZ2h0PSIxIiB4bWxucz0iaHR0cDovL3d3dy53My5vcmcvMjAwMC9zdmciPjwvc3ZnPg==\" class=\"lazyload\" \/><\/p>\n<p>O ex-presidente Bolsonaro chegou \u00e0 unidade hospitalar privada socorrido por uma equipe do Servi\u00e7o de Atendimento M\u00f3vel de Urg\u00eancia (Samu), na manh\u00e3 de ontem sexta-feira (13) ap\u00f3s apresentar quadro de febre alta, queda da satura\u00e7\u00e3o de oxig\u00eanio, sudorese e calafrios.<\/p>\n<p><strong>Ele est\u00e1 detido na Papudinha (pr\u00e9dio no Complexo Penitenci\u00e1rio da Papuda), onde cumpre pena de 27 anos e 3 meses, por tentativa de golpe de Estado e outros crimes relacionados.<\/strong><\/p>\n<p>O boletim m\u00e9dico divulgado no in\u00edcio da tarde informa que o ex-presidente foi submetido a exames de imagens e laboratoriais que confirmaram o diagn\u00f3stico de broncopneumonia bilateral.<\/p>\n<p><strong>No momento, o ex-presidente Bolsonaro est\u00e1 em tratamento com antibioticoterapia venosa e suporte cl\u00ednico n\u00e3o invasivo.<\/strong><\/p>\n<p>A nota \u00e9 assinada pela equipe m\u00e9dica composta pelo cardiologista Brasil Caiado; o Coordenador da UTI Geral, Ant\u00f4nio Aur\u00e9lio de Paiva Fagundes J\u00fanior; e pelo diretor-geral do hospital, Allisson B. Barcelos Borges.<\/p>\n<h2>Decis\u00e3o<\/h2>\n<p>Em decis\u00e3o divulgada pelo Supremo Tribunal Federal (STF) no in\u00edcio da tarde de hoje, o ministro Alexandre de Moraes autorizou a presen\u00e7a da esposa do ex-presidente, Michelle Bolsonaro, no hospital, como acompanhante.<\/p>\n<p>Moraes tamb\u00e9m autorizou os filhos Jair Renan, Fl\u00e1vio, Carlos, Laura, bem como a enteada, Let\u00edcia, a visitarem Jair Bolsonaro durante a interna\u00e7\u00e3o.<\/p>\n<p>O ministro ainda determinou que a vigil\u00e2ncia do ex-presidente seja providenciada pelo N\u00facleo do Cust\u00f3dia do 19\u00ba Batalh\u00e3o da Pol\u00edcia Militar do Distrito Federal.\u00a0<strong>Policiais dever\u00e3o ficar de prontid\u00e3o 24 horas, sendo dois na porta do quarto, al\u00e9m de equipes dentro e fora do hospital.<\/strong><\/p>\n<p><strong>O ministro tamb\u00e9m proibiu a entrada de computadores, telefones celulares ou quaisquer dispositivos eletr\u00f4nicos, salvo equipamentos m\u00e9dicos, na unidade onde Bolsonaro est\u00e1 internado.<\/strong><\/p>\n<h2>Not\u00edcia<\/h2>\n<p>Inicialmente, a informa\u00e7\u00e3o sobre a interna\u00e7\u00e3o de Jair Bolsonaro foi divulgada pelo senador Fl\u00e1vio Bolsonaro (PL-RJ), filho do ex-presidente, em uma rede social, e confirmada pela Pol\u00edcia Militar do Distrito Federal.<\/p>\n<p>Ao deixar o hospital ap\u00f3s visitar o pai na unidade de terapia, o senador comentou com jornalistas o estado de sa\u00fade do ex-presidente.<\/p>\n<p>&#8220;Conversei rapidamente com os m\u00e9dicos, disseram que dessa vez foi a pior vez que ele se internou aqui com rela\u00e7\u00e3o \u00e0 quantidade de l\u00edquido que tinha no pulm\u00e3o&#8221;, declarou.<\/p>\n<p>Fl\u00e1vio Bolsonaro ainda criticou as condi\u00e7\u00f5es de encarceramento\u00a0na Papudinha que, segundo ele, poderiam piorar o quadro de sa\u00fade do ex-presidente.<\/p>\n<p>Ele apelou para que a Justi\u00e7a conceda a pris\u00e3o domiciliar humanit\u00e1ria, alegando que o ambiente prisional impede os cuidados necess\u00e1rios para as patologias do pai e que este poderia ser acompanhado permanentemente pela fam\u00edlia e por profissionais de enfermagem.<\/p>\n<p>FONTE: Ag\u00eancia Brasil<\/p>\n<\/div>\n<div class=\"subheader\">\n<div class=\"container-autoria\" style=\"text-align: center;\"><\/div>\n<\/div>\n","protected":false},"excerpt":{"rendered":"<p>Ex-presidente teve febre, queda da satura\u00e7\u00e3o de oxig\u00eanio e calafrios O ex-presidente Jair Bolsonaro est\u00e1 internado na unidade de terapia intensiva (UTI) do Hospital DF&hellip; <\/p>\n","protected":false},"author":6,"featured_media":311214,"comment_status":"closed","ping_status":"closed","sticky":false,"template":"","format":"standard","meta":{"sfsi_plus_gutenberg_text_before_share":"","sfsi_plus_gutenberg_show_text_before_share":"","sfsi_plus_gutenberg_icon_type":"","sfsi_plus_gutenberg_icon_alignemt":"","sfsi_plus_gutenburg_max_per_row":"","footnotes":""},"categories":[50,1,16],"tags":[],"class_list":["post-311213","post","type-post","status-publish","format-standard","has-post-thumbnail","hentry","category-destaque","category-o-site","category-saude"],"_links":{"self":[{"href":"https:\/\/www.caririemacao.com\/1\/wp-json\/wp\/v2\/posts\/311213","targetHints":{"allow":["GET"]}}],"collection":[{"href":"https:\/\/www.caririemacao.com\/1\/wp-json\/wp\/v2\/posts"}],"about":[{"href":"https:\/\/www.caririemacao.com\/1\/wp-json\/wp\/v2\/types\/post"}],"author":[{"embeddable":true,"href":"https:\/\/www.caririemacao.com\/1\/wp-json\/wp\/v2\/users\/6"}],"replies":[{"embeddable":true,"href":"https:\/\/www.caririemacao.com\/1\/wp-json\/wp\/v2\/comments?post=311213"}],"version-history":[{"count":1,"href":"https:\/\/www.caririemacao.com\/1\/wp-json\/wp\/v2\/posts\/311213\/revisions"}],"predecessor-version":[{"id":311215,"href":"https:\/\/www.caririemacao.com\/1\/wp-json\/wp\/v2\/posts\/311213\/revisions\/311215"}],"wp:featuredmedia":[{"embeddable":true,"href":"https:\/\/www.caririemacao.com\/1\/wp-json\/wp\/v2\/media\/311214"}],"wp:attachment":[{"href":"https:\/\/www.caririemacao.com\/1\/wp-json\/wp\/v2\/media?parent=311213"}],"wp:term":[{"taxonomy":"category","embeddable":true,"href":"https:\/\/www.caririemacao.com\/1\/wp-json\/wp\/v2\/categories?post=311213"},{"taxonomy":"post_tag","embeddable":true,"href":"https:\/\/www.caririemacao.com\/1\/wp-json\/wp\/v2\/tags?post=311213"}],"curies":[{"name":"wp","href":"https:\/\/api.w.org\/{rel}","templated":true}]}}