{"id":311216,"date":"2026-03-14T09:46:18","date_gmt":"2026-03-14T12:46:18","guid":{"rendered":"https:\/\/www.caririemacao.com\/1\/?p=311216"},"modified":"2026-03-14T09:46:18","modified_gmt":"2026-03-14T12:46:18","slug":"ministerio-da-saude-aumenta-em-15-os-repasses-para-hemodialises","status":"publish","type":"post","link":"https:\/\/www.caririemacao.com\/1\/2026\/03\/14\/ministerio-da-saude-aumenta-em-15-os-repasses-para-hemodialises\/","title":{"rendered":"Minist\u00e9rio da Sa\u00fade aumenta em 15% os repasses para hemodi\u00e1lises"},"content":{"rendered":"<div class=\"header-noticia full-width\">\n<p style=\"text-align: center;\"><em><strong>Reajuste \u00e9 uma das iniciativas do programa Agora Tem Especialistas<\/strong><\/em><\/p>\n<\/div>\n<div class=\"container-autoria\" style=\"text-align: center;\"><\/div>\n<div>\n<p>O Minist\u00e9rio da Sa\u00fade vai aumentar em 15% o valor destinado aos hospitais e cl\u00ednicas que fazem Terapia Renal Substitutiva (TRS), como a hemodi\u00e1lise, para o Sistema \u00danico de Sa\u00fade (SUS). O reajuste corresponde a R$ 860 milh\u00f5es. Com o investimento, o governo federal pretende reduzir o tempo de espera para o tratamento.<img decoding=\"async\" data-src=\"https:\/\/agenciabrasil.ebc.com.br\/ebc.png?id=1681931&amp;o=node\" src=\"data:image\/svg+xml;base64,PHN2ZyB3aWR0aD0iMSIgaGVpZ2h0PSIxIiB4bWxucz0iaHR0cDovL3d3dy53My5vcmcvMjAwMC9zdmciPjwvc3ZnPg==\" class=\"lazyload\" \/><img decoding=\"async\" data-src=\"https:\/\/agenciabrasil.ebc.com.br\/ebc.gif?id=1681931&amp;o=node\" src=\"data:image\/svg+xml;base64,PHN2ZyB3aWR0aD0iMSIgaGVpZ2h0PSIxIiB4bWxucz0iaHR0cDovL3d3dy53My5vcmcvMjAwMC9zdmciPjwvc3ZnPg==\" class=\"lazyload\" \/><\/p>\n<p>Os recursos t\u00eam como destino 781 hospitais e cl\u00ednicas que j\u00e1 atendem os pacientes do SUS, al\u00e9m de 48 novos servi\u00e7os de TRS que o minist\u00e9rio est\u00e1 habilitando para atua\u00e7\u00e3o em 16 estados.<\/p>\n<p>\u201cO reajuste, uma demanda do setor, \u00e9 uma das iniciativas do Agora Tem Especialistas visando a redu\u00e7\u00e3o do tempo de espera por Terapia Renal Substitutiva (TRS), j\u00e1 que garante a manuten\u00e7\u00e3o da qualidade dos servi\u00e7os prestados atualmente\u201d, informou o minist\u00e9rio, em nota nesta sexta-feira (13).<\/p>\n<p>Segundo o Minist\u00e9rio, a sess\u00e3o de hemodi\u00e1lise passa\u00a0a ter uma remunera\u00e7\u00e3o de R$ 277,12, um aumento de 26,84% em rela\u00e7\u00e3o a 2022, quando o valor era de R$ 218,47. O reajuste come\u00e7a a valer ainda em mar\u00e7o.<\/p>\n<blockquote><p>\u201cO percentual maior de reajuste foi poss\u00edvel pela ado\u00e7\u00e3o de uma modalidade mista de or\u00e7amenta\u00e7\u00e3o. Isso porque, al\u00e9m dos recursos do Or\u00e7amento Geral da Uni\u00e3o e Fundo de A\u00e7\u00f5es Estrat\u00e9gicas e Compensa\u00e7\u00e3o, o aumento no valor da sess\u00e3o de hemodi\u00e1lise tamb\u00e9m ter\u00e1 um incentivo com o uso dos cr\u00e9ditos financeiros garantidos pelo programa Agora Tem Especialistas\u201d, disse o secret\u00e1rio de Aten\u00e7\u00e3o Especializada \u00e0 Sa\u00fade, do MS, Mozart Sales.<\/p><\/blockquote>\n<p>De acordo com o minist\u00e9rio, al\u00e9m da hemodi\u00e1lise, outras modalidades de tratamento passar\u00e3o a ser contempladas pelo Agora Tem Especialistas: a di\u00e1lise peritoneal, cujas sess\u00f5es ser\u00e3o reajustadas em 100%, e a pr\u00e9-di\u00e1lise, tamb\u00e9m com 100% de aumento. A di\u00e1lise peritoneal substitui a fun\u00e7\u00e3o dos rins com uso do pr\u00f3prio corpo para filtrar o sangue; j\u00e1 na pr\u00e9-di\u00e1lise, ocorre o acompanhamento m\u00e9dico do paciente antes de a di\u00e1lise ser necess\u00e1ria.<\/p>\n<p>\u201cTodos esses reajustes buscam incentivar ainda mais o aumento da oferta dessas modalidades de Terapia Renal Substitutiva pelos servi\u00e7os que j\u00e1 atendem o SUS e pelos 48 novos servi\u00e7os, que j\u00e1 come\u00e7am a atuar com os aumentos anunciados hoje\u201d, acrescentou o secret\u00e1rio.<\/p>\n<p>FONTE: Ag\u00eancia Brasil<\/p>\n<\/div>\n","protected":false},"excerpt":{"rendered":"<p>Reajuste \u00e9 uma das iniciativas do programa Agora Tem Especialistas O Minist\u00e9rio da Sa\u00fade vai aumentar em 15% o valor destinado aos hospitais e cl\u00ednicas&hellip; <\/p>\n","protected":false},"author":6,"featured_media":311217,"comment_status":"closed","ping_status":"closed","sticky":false,"template":"","format":"standard","meta":{"sfsi_plus_gutenberg_text_before_share":"","sfsi_plus_gutenberg_show_text_before_share":"","sfsi_plus_gutenberg_icon_type":"","sfsi_plus_gutenberg_icon_alignemt":"","sfsi_plus_gutenburg_max_per_row":"","footnotes":""},"categories":[50,16],"tags":[],"class_list":["post-311216","post","type-post","status-publish","format-standard","has-post-thumbnail","hentry","category-destaque","category-saude"],"_links":{"self":[{"href":"https:\/\/www.caririemacao.com\/1\/wp-json\/wp\/v2\/posts\/311216","targetHints":{"allow":["GET"]}}],"collection":[{"href":"https:\/\/www.caririemacao.com\/1\/wp-json\/wp\/v2\/posts"}],"about":[{"href":"https:\/\/www.caririemacao.com\/1\/wp-json\/wp\/v2\/types\/post"}],"author":[{"embeddable":true,"href":"https:\/\/www.caririemacao.com\/1\/wp-json\/wp\/v2\/users\/6"}],"replies":[{"embeddable":true,"href":"https:\/\/www.caririemacao.com\/1\/wp-json\/wp\/v2\/comments?post=311216"}],"version-history":[{"count":1,"href":"https:\/\/www.caririemacao.com\/1\/wp-json\/wp\/v2\/posts\/311216\/revisions"}],"predecessor-version":[{"id":311218,"href":"https:\/\/www.caririemacao.com\/1\/wp-json\/wp\/v2\/posts\/311216\/revisions\/311218"}],"wp:featuredmedia":[{"embeddable":true,"href":"https:\/\/www.caririemacao.com\/1\/wp-json\/wp\/v2\/media\/311217"}],"wp:attachment":[{"href":"https:\/\/www.caririemacao.com\/1\/wp-json\/wp\/v2\/media?parent=311216"}],"wp:term":[{"taxonomy":"category","embeddable":true,"href":"https:\/\/www.caririemacao.com\/1\/wp-json\/wp\/v2\/categories?post=311216"},{"taxonomy":"post_tag","embeddable":true,"href":"https:\/\/www.caririemacao.com\/1\/wp-json\/wp\/v2\/tags?post=311216"}],"curies":[{"name":"wp","href":"https:\/\/api.w.org\/{rel}","templated":true}]}}