{"id":311226,"date":"2026-03-14T09:58:47","date_gmt":"2026-03-14T12:58:47","guid":{"rendered":"https:\/\/www.caririemacao.com\/1\/?p=311226"},"modified":"2026-03-14T09:58:47","modified_gmt":"2026-03-14T12:58:47","slug":"inmet-emite-alerta-de-chuvas-intensas-para-117-cidades-do-interior-da-paraiba","status":"publish","type":"post","link":"https:\/\/www.caririemacao.com\/1\/2026\/03\/14\/inmet-emite-alerta-de-chuvas-intensas-para-117-cidades-do-interior-da-paraiba\/","title":{"rendered":"Inmet emite alerta de chuvas intensas para 117 cidades do interior da Para\u00edba"},"content":{"rendered":"<div class=\"mb-4\">\n<div class=\"text-excerpt text-gray-600 hero-mobile w-full [&amp;_.instagram-media]:w-full [&amp;_.instagram-media]:max-w-full [&amp;_.instagram-media]:mx-auto\"><em><strong>Segundo o alerta do Inmet, est\u00e1 prevista chuva entre 20 e 30 mm\/h ou at\u00e9 50 mm\/dia, ventos intensos de 40-60 km\/h.<\/strong><\/em><\/div>\n<\/div>\n<div><\/div>\n<div>\n<div>Segundo o alerta, est\u00e1 prevista\u00a0chuva\u00a0entre 20 e 30 mm\/h ou at\u00e9 50 mm\/dia, ventos intensos de 40-60 km\/h. H\u00e1 baixo risco de corte de\u00a0<strong>energia el\u00e9trica<\/strong>, queda de galhos de \u00e1rvores, alagamentos e de descargas el\u00e9tricas.<\/div>\n<div><\/div>\n<div><img fetchpriority=\"high\" class=\"size-medium wp-image-686158 aligncenter lazy\" sizes=\"(max-width: 600px) 100vw, 600px\" srcset=\"https:\/\/files.clickpb.com.br\/wp-content\/uploads\/2026\/03\/14080453\/alerta1403-600x400.jpg 600w, https:\/\/files.clickpb.com.br\/wp-content\/uploads\/2026\/03\/14080453\/alerta1403-300x200.jpg 300w, https:\/\/files.clickpb.com.br\/wp-content\/uploads\/2026\/03\/14080453\/alerta1403-150x100.jpg 150w, https:\/\/files.clickpb.com.br\/wp-content\/uploads\/2026\/03\/14080453\/alerta1403.jpg 709w\" alt=\"\" width=\"600\" height=\"400\" \/><\/div>\n<p>O Inmet orienta que, em caso de rajadas de vento, as pessoas n\u00e3o se abriguem debaixo de \u00e1rvores, pois h\u00e1 leve risco de queda e descargas el\u00e9tricas e n\u00e3o estacionem ve\u00edculos pr\u00f3ximos a torres de transmiss\u00e3o e placas de propaganda.<\/p>\n<p>O Inmet alerta tamb\u00e9m que deve-se evitar usar aparelhos eletr\u00f4nicos ligados \u00e0 tomada.<\/p>\n<p>FONTE: Click PB<\/p>\n<\/div>\n<div class=\"flex flex-col sm:flex-row sm:items-center justify-between gap-4\">\n<div class=\"flex items-center gap-3\"><\/div>\n<\/div>\n","protected":false},"excerpt":{"rendered":"<p>Segundo o alerta do Inmet, est\u00e1 prevista chuva entre 20 e 30 mm\/h ou at\u00e9 50 mm\/dia, ventos intensos de 40-60 km\/h. Segundo o alerta,&hellip; <\/p>\n","protected":false},"author":6,"featured_media":311227,"comment_status":"closed","ping_status":"closed","sticky":false,"template":"","format":"standard","meta":{"sfsi_plus_gutenberg_text_before_share":"","sfsi_plus_gutenberg_show_text_before_share":"","sfsi_plus_gutenberg_icon_type":"","sfsi_plus_gutenberg_icon_alignemt":"","sfsi_plus_gutenburg_max_per_row":"","footnotes":""},"categories":[50,117,104],"tags":[],"class_list":["post-311226","post","type-post","status-publish","format-standard","has-post-thumbnail","hentry","category-destaque","category-natureza","category-paraiba"],"_links":{"self":[{"href":"https:\/\/www.caririemacao.com\/1\/wp-json\/wp\/v2\/posts\/311226","targetHints":{"allow":["GET"]}}],"collection":[{"href":"https:\/\/www.caririemacao.com\/1\/wp-json\/wp\/v2\/posts"}],"about":[{"href":"https:\/\/www.caririemacao.com\/1\/wp-json\/wp\/v2\/types\/post"}],"author":[{"embeddable":true,"href":"https:\/\/www.caririemacao.com\/1\/wp-json\/wp\/v2\/users\/6"}],"replies":[{"embeddable":true,"href":"https:\/\/www.caririemacao.com\/1\/wp-json\/wp\/v2\/comments?post=311226"}],"version-history":[{"count":1,"href":"https:\/\/www.caririemacao.com\/1\/wp-json\/wp\/v2\/posts\/311226\/revisions"}],"predecessor-version":[{"id":311228,"href":"https:\/\/www.caririemacao.com\/1\/wp-json\/wp\/v2\/posts\/311226\/revisions\/311228"}],"wp:featuredmedia":[{"embeddable":true,"href":"https:\/\/www.caririemacao.com\/1\/wp-json\/wp\/v2\/media\/311227"}],"wp:attachment":[{"href":"https:\/\/www.caririemacao.com\/1\/wp-json\/wp\/v2\/media?parent=311226"}],"wp:term":[{"taxonomy":"category","embeddable":true,"href":"https:\/\/www.caririemacao.com\/1\/wp-json\/wp\/v2\/categories?post=311226"},{"taxonomy":"post_tag","embeddable":true,"href":"https:\/\/www.caririemacao.com\/1\/wp-json\/wp\/v2\/tags?post=311226"}],"curies":[{"name":"wp","href":"https:\/\/api.w.org\/{rel}","templated":true}]}}