{"id":311235,"date":"2026-03-14T10:29:29","date_gmt":"2026-03-14T13:29:29","guid":{"rendered":"https:\/\/www.caririemacao.com\/1\/?p=311235"},"modified":"2026-03-14T10:29:29","modified_gmt":"2026-03-14T13:29:29","slug":"cidade-de-boa-vista-entra-no-mapa-do-turismo-brasileiro-e-fortalece-politicas-para-o-setor-turistico","status":"publish","type":"post","link":"https:\/\/www.caririemacao.com\/1\/2026\/03\/14\/cidade-de-boa-vista-entra-no-mapa-do-turismo-brasileiro-e-fortalece-politicas-para-o-setor-turistico\/","title":{"rendered":"Cidade de Boa Vista entra no Mapa do Turismo Brasileiro e fortalece pol\u00edticas para o setor tur\u00edstico"},"content":{"rendered":"<p>A cidade de Boa Vista, no Cariri paraibano, recebeu esta semana o certificado do Programa de Regionaliza\u00e7\u00e3o do Turismo, registrado no Sistema de Informa\u00e7\u00f5es do Mapa do Turismo Brasileiro, do Minist\u00e9rio do Turismo (Mtur), do Governo Federal.<\/p>\n<p>Com riqueza natural e cultural, o munic\u00edpio conhecido como Capital Mundial do Queijo de Coalho, cumpriu todos os requisitos necess\u00e1rios para entrar no sistema nacional que re\u00fane cidades com potencial tur\u00edstico e organiza\u00e7\u00e3o institucional para o desenvolvimento do setor.<\/p>\n<p>No munic\u00edpio, al\u00e9m dos famosos lajedos da regi\u00e3o, que t\u00eam como s\u00edmbolo o Lajedo do Bravo, a tradi\u00e7\u00e3o gastron\u00f4mica do queijo de coalho e o colorido artesanato, a exemplo das Cabritas de Boa Vista, os atrativos se multiplicam com trilhas ecol\u00f3gicas, pr\u00e1tica de rapel, op\u00e7\u00f5es de lazer em espa\u00e7os como a Est\u00e2ncia S\u00e3o Bento, a A\u00e7aiteria e Salgaderia Bravos e o Quilombo Santa Rosa, local que oferece uma rica experi\u00eancia cultural.<\/p>\n<figure class=\"wp-block-image aligncenter size-large is-resized\"><img fetchpriority=\"high\" decoding=\"async\" class=\"wp-image-158475\" src=\"https:\/\/deolhonocariri.com.br\/wp-content\/uploads\/2026\/03\/be5f9b9d-9bd0-4889-8eaf-4b01bdafa096-1024x683.jpg\" sizes=\"(max-width: 1024px) 100vw, 1024px\" srcset=\"https:\/\/deolhonocariri.com.br\/wp-content\/uploads\/2026\/03\/be5f9b9d-9bd0-4889-8eaf-4b01bdafa096-1024x683.jpg 1024w, https:\/\/deolhonocariri.com.br\/wp-content\/uploads\/2026\/03\/be5f9b9d-9bd0-4889-8eaf-4b01bdafa096-600x400.jpg 600w, https:\/\/deolhonocariri.com.br\/wp-content\/uploads\/2026\/03\/be5f9b9d-9bd0-4889-8eaf-4b01bdafa096-400x267.jpg 400w, https:\/\/deolhonocariri.com.br\/wp-content\/uploads\/2026\/03\/be5f9b9d-9bd0-4889-8eaf-4b01bdafa096-768x512.jpg 768w, https:\/\/deolhonocariri.com.br\/wp-content\/uploads\/2026\/03\/be5f9b9d-9bd0-4889-8eaf-4b01bdafa096-1536x1024.jpg 1536w, https:\/\/deolhonocariri.com.br\/wp-content\/uploads\/2026\/03\/be5f9b9d-9bd0-4889-8eaf-4b01bdafa096.jpg 2048w\" alt=\"\" width=\"1024\" height=\"683\" \/><\/figure>\n<p>O prefeito de Boa Vista, Fernando Aires, falou sobre o significado da inser\u00e7\u00e3o da cidade no mapa. \u201cA inclus\u00e3o no sistema tamb\u00e9m amplia as possibilidades de acesso a programas, projetos e investimentos voltados para o setor tur\u00edstico, contribuindo para o crescimento sustent\u00e1vel da cidade e para o fortalecimento das pol\u00edticas p\u00fablicas de incentivo ao turismo. A partir de agora poderemos apresentar nossas belezas naturais, o artesanato e a gastronomia para que mais pessoas possam conhecer os atrativos de nossa cidade\u201d. Segundo o diretor do Departamento de Turismo de Boa Vista, Thallisson Guerra, a conquista \u00e9 resultado de esfor\u00e7o da gest\u00e3o. \u201cO prefeito tem o turismo como uma das prioridades para o desenvolvimento local, apoiando e incentivando iniciativas que promovem a profissionaliza\u00e7\u00e3o do setor e todos os seus participantes. Por isso temos nos esfor\u00e7ado cada vez mais para dar suporte aos empreendedores e valorizar as nossas riquezas naturais e culturais.<\/p>\n<p>A inser\u00e7\u00e3o de Boa Vista no Mapa do Turismo Brasileiro, representa um reconhecimento oficial de que o munic\u00edpio integra o conjunto de destinos que tratam o turismo como uma estrat\u00e9gia de desenvolvimento econ\u00f4mico, capaz de impulsionar a gera\u00e7\u00e3o de emprego, renda e novas oportunidades para a popula\u00e7\u00e3o.<\/p>\n","protected":false},"excerpt":{"rendered":"<p>A cidade de Boa Vista, no Cariri paraibano, recebeu esta semana o certificado do Programa de Regionaliza\u00e7\u00e3o do Turismo, registrado no Sistema de Informa\u00e7\u00f5es do&hellip; <\/p>\n","protected":false},"author":6,"featured_media":311236,"comment_status":"closed","ping_status":"closed","sticky":false,"template":"","format":"standard","meta":{"sfsi_plus_gutenberg_text_before_share":"","sfsi_plus_gutenberg_show_text_before_share":"","sfsi_plus_gutenberg_icon_type":"","sfsi_plus_gutenberg_icon_alignemt":"","sfsi_plus_gutenburg_max_per_row":"","footnotes":""},"categories":[158,50,2],"tags":[],"class_list":["post-311235","post","type-post","status-publish","format-standard","has-post-thumbnail","hentry","category-boa-vista-2","category-destaque","category-geral"],"_links":{"self":[{"href":"https:\/\/www.caririemacao.com\/1\/wp-json\/wp\/v2\/posts\/311235","targetHints":{"allow":["GET"]}}],"collection":[{"href":"https:\/\/www.caririemacao.com\/1\/wp-json\/wp\/v2\/posts"}],"about":[{"href":"https:\/\/www.caririemacao.com\/1\/wp-json\/wp\/v2\/types\/post"}],"author":[{"embeddable":true,"href":"https:\/\/www.caririemacao.com\/1\/wp-json\/wp\/v2\/users\/6"}],"replies":[{"embeddable":true,"href":"https:\/\/www.caririemacao.com\/1\/wp-json\/wp\/v2\/comments?post=311235"}],"version-history":[{"count":1,"href":"https:\/\/www.caririemacao.com\/1\/wp-json\/wp\/v2\/posts\/311235\/revisions"}],"predecessor-version":[{"id":311237,"href":"https:\/\/www.caririemacao.com\/1\/wp-json\/wp\/v2\/posts\/311235\/revisions\/311237"}],"wp:featuredmedia":[{"embeddable":true,"href":"https:\/\/www.caririemacao.com\/1\/wp-json\/wp\/v2\/media\/311236"}],"wp:attachment":[{"href":"https:\/\/www.caririemacao.com\/1\/wp-json\/wp\/v2\/media?parent=311235"}],"wp:term":[{"taxonomy":"category","embeddable":true,"href":"https:\/\/www.caririemacao.com\/1\/wp-json\/wp\/v2\/categories?post=311235"},{"taxonomy":"post_tag","embeddable":true,"href":"https:\/\/www.caririemacao.com\/1\/wp-json\/wp\/v2\/tags?post=311235"}],"curies":[{"name":"wp","href":"https:\/\/api.w.org\/{rel}","templated":true}]}}