{"id":311239,"date":"2026-03-14T10:34:00","date_gmt":"2026-03-14T13:34:00","guid":{"rendered":"https:\/\/www.caririemacao.com\/1\/?p=311239"},"modified":"2026-03-14T10:34:00","modified_gmt":"2026-03-14T13:34:00","slug":"prefeitura-de-serra-branca-anuncia-jonas-esticado-como-segunda-atracao-da-festa-de-67-anos-de-emancipacao-politica","status":"publish","type":"post","link":"https:\/\/www.caririemacao.com\/1\/2026\/03\/14\/prefeitura-de-serra-branca-anuncia-jonas-esticado-como-segunda-atracao-da-festa-de-67-anos-de-emancipacao-politica\/","title":{"rendered":"Prefeitura de Serra Branca anuncia Jonas Esticado como segunda atra\u00e7\u00e3o da festa de 67 anos de emancipa\u00e7\u00e3o pol\u00edtica"},"content":{"rendered":"<p>A Prefeitura de Serra Branca anunciou oficialmente a primeira atra\u00e7\u00e3o da programa\u00e7\u00e3o cultural em comemora\u00e7\u00e3o aos 67 anos de emancipa\u00e7\u00e3o pol\u00edtica do munic\u00edpio. O cantor Jonas Esticado, um dos grandes nomes do forr\u00f3 contempor\u00e2neo no Brasil, est\u00e1 confirmado e ser\u00e1 respons\u00e1vel por abrir a s\u00e9rie de shows que ir\u00e3o marcar a tradicional festa da cidade.<\/p>\n<p>Conhecido nacionalmente por seus sucessos e por apresenta\u00e7\u00f5es que re\u00fanem multid\u00f5es, Jonas Esticado promete levar ao p\u00fablico de Serra Branca um show repleto de energia, romantismo e muito forr\u00f3, com um repert\u00f3rio que re\u00fane m\u00fasicas consagradas e hits que est\u00e3o entre os mais tocados do pa\u00eds.<\/p>\n<p>O prefeito de Serra Branca, Alexandre Pereira, destacou a alegria em poder confirmar o artista como parte da programa\u00e7\u00e3o comemorativa do munic\u00edpio: \u201c\u00c9 uma alegria muito grande poder anunciar Jonas Esticado como a primeira atra\u00e7\u00e3o da festa de 67 anos de Serra Branca. Temos certeza de que ser\u00e1 um grande show e um momento especial para o nosso povo\u201d, afirmou o prefeito.<\/p>\n<p>A gest\u00e3o municipal refor\u00e7a que a festa de emancipa\u00e7\u00e3o pol\u00edtica \u00e9 um dos eventos mais aguardados do calend\u00e1rio cultural da cidade, reunindo moradores e visitantes de toda a regi\u00e3o do Cariri paraibano.<\/p>\n<p>A programa\u00e7\u00e3o completa da festa dever\u00e1 ser divulgada nos pr\u00f3ximos dias pela Prefeitura de Serra Branca, que promete uma grande celebra\u00e7\u00e3o para marcar os 67 anos de hist\u00f3ria, desenvolvimento e conquistas do munic\u00edpio.<\/p>\n<p><em>SECOM\/PMSB<\/em><\/p>\n","protected":false},"excerpt":{"rendered":"<p>A Prefeitura de Serra Branca anunciou oficialmente a primeira atra\u00e7\u00e3o da programa\u00e7\u00e3o cultural em comemora\u00e7\u00e3o aos 67 anos de emancipa\u00e7\u00e3o pol\u00edtica do munic\u00edpio. O cantor&hellip; <\/p>\n","protected":false},"author":6,"featured_media":311240,"comment_status":"closed","ping_status":"closed","sticky":false,"template":"","format":"standard","meta":{"sfsi_plus_gutenberg_text_before_share":"","sfsi_plus_gutenberg_show_text_before_share":"","sfsi_plus_gutenberg_icon_type":"","sfsi_plus_gutenberg_icon_alignemt":"","sfsi_plus_gutenburg_max_per_row":"","footnotes":""},"categories":[50,2,77],"tags":[],"class_list":["post-311239","post","type-post","status-publish","format-standard","has-post-thumbnail","hentry","category-destaque","category-geral","category-gurjao"],"_links":{"self":[{"href":"https:\/\/www.caririemacao.com\/1\/wp-json\/wp\/v2\/posts\/311239","targetHints":{"allow":["GET"]}}],"collection":[{"href":"https:\/\/www.caririemacao.com\/1\/wp-json\/wp\/v2\/posts"}],"about":[{"href":"https:\/\/www.caririemacao.com\/1\/wp-json\/wp\/v2\/types\/post"}],"author":[{"embeddable":true,"href":"https:\/\/www.caririemacao.com\/1\/wp-json\/wp\/v2\/users\/6"}],"replies":[{"embeddable":true,"href":"https:\/\/www.caririemacao.com\/1\/wp-json\/wp\/v2\/comments?post=311239"}],"version-history":[{"count":1,"href":"https:\/\/www.caririemacao.com\/1\/wp-json\/wp\/v2\/posts\/311239\/revisions"}],"predecessor-version":[{"id":311241,"href":"https:\/\/www.caririemacao.com\/1\/wp-json\/wp\/v2\/posts\/311239\/revisions\/311241"}],"wp:featuredmedia":[{"embeddable":true,"href":"https:\/\/www.caririemacao.com\/1\/wp-json\/wp\/v2\/media\/311240"}],"wp:attachment":[{"href":"https:\/\/www.caririemacao.com\/1\/wp-json\/wp\/v2\/media?parent=311239"}],"wp:term":[{"taxonomy":"category","embeddable":true,"href":"https:\/\/www.caririemacao.com\/1\/wp-json\/wp\/v2\/categories?post=311239"},{"taxonomy":"post_tag","embeddable":true,"href":"https:\/\/www.caririemacao.com\/1\/wp-json\/wp\/v2\/tags?post=311239"}],"curies":[{"name":"wp","href":"https:\/\/api.w.org\/{rel}","templated":true}]}}