{"id":311242,"date":"2026-03-14T10:35:24","date_gmt":"2026-03-14T13:35:24","guid":{"rendered":"https:\/\/www.caririemacao.com\/1\/?p=311242"},"modified":"2026-03-14T10:35:24","modified_gmt":"2026-03-14T13:35:24","slug":"prefeitura-de-sao-sebastiao-do-umbuzeiro-realiza-evento-especial-em-alusao-ao-dia-internacional-da-mulher","status":"publish","type":"post","link":"https:\/\/www.caririemacao.com\/1\/2026\/03\/14\/prefeitura-de-sao-sebastiao-do-umbuzeiro-realiza-evento-especial-em-alusao-ao-dia-internacional-da-mulher\/","title":{"rendered":"Prefeitura de S\u00e3o Sebasti\u00e3o do Umbuzeiro realiza evento especial em alus\u00e3o ao Dia Internacional da Mulher"},"content":{"rendered":"<p>A Prefeitura Municipal de S\u00e3o Sebasti\u00e3o do Umbuzeiro, em parceria com a Secretaria de Assist\u00eancia Social e Desenvolvimento Humano e a Secretaria da Mulher, promoveu nesta segunda-feira um momento especial em alus\u00e3o ao Dia Internacional da Mulher.<\/p>\n<p>O evento reuniu diversas lideran\u00e7as do munic\u00edpio e contou com a participa\u00e7\u00e3o de muitas mulheres, que prestigiaram a programa\u00e7\u00e3o preparada especialmente para celebrar a data e refor\u00e7ar a import\u00e2ncia da valoriza\u00e7\u00e3o feminina na sociedade.<\/p>\n<figure class=\"wp-block-image aligncenter is-resized\"><img fetchpriority=\"high\" decoding=\"async\" class=\"wp-image-57706 aligncenter\" src=\"https:\/\/www.caririinfoco.com.br\/wp-content\/uploads\/2026\/03\/IMG_1725-768x1024.jpeg\" alt=\"\" width=\"435\" height=\"580\" \/><\/figure>\n<p>Durante o encontro, as participantes puderam desfrutar de uma s\u00e9rie de atividades e servi\u00e7os, incluindo distribui\u00e7\u00e3o de brindes e lembrancinhas, entrega de 50 mudas de plantas nativas, lanche, al\u00e9m de servi\u00e7os voltados \u00e0 beleza e \u00e0 sa\u00fade.<\/p>\n<figure class=\"wp-block-image aligncenter is-resized\"><img decoding=\"async\" class=\"wp-image-57707 aligncenter lazyload\" data-src=\"https:\/\/www.caririinfoco.com.br\/wp-content\/uploads\/2026\/03\/IMG_1726-768x1024.jpeg\" alt=\"\" width=\"457\" height=\"609\" src=\"data:image\/svg+xml;base64,PHN2ZyB3aWR0aD0iMSIgaGVpZ2h0PSIxIiB4bWxucz0iaHR0cDovL3d3dy53My5vcmcvMjAwMC9zdmciPjwvc3ZnPg==\" style=\"--smush-placeholder-width: 457px; --smush-placeholder-aspect-ratio: 457\/609;\" \/><\/figure>\n<p>A prefeita Adalcy Freitas esteve presente e participou ativamente do momento ao lado das mulheres do munic\u00edpio. Em conversa com a reportagem do Focando Para\u00edba<strong>,<\/strong>\u00a0a gestora destacou a import\u00e2ncia da iniciativa.<\/p>\n<p>Segundo ela, a a\u00e7\u00e3o vai al\u00e9m da celebra\u00e7\u00e3o simb\u00f3lica da data. \u201cEsse \u00e9 um momento de reconhecimento e valoriza\u00e7\u00e3o das mulheres do nosso munic\u00edpio. Preparamos tudo com muito carinho para proporcionar um dia especial, refor\u00e7ando o quanto elas s\u00e3o fundamentais para o desenvolvimento de S\u00e3o Sebasti\u00e3o do Umbuzeiro\u201d, afirmou a prefeita.<\/p>\n<figure class=\"wp-block-image aligncenter is-resized\"><img decoding=\"async\" class=\"wp-image-21548 aligncenter lazyload\" data-src=\"https:\/\/focandoparaiba.com.br\/wp-content\/uploads\/2026\/03\/WhatsApp-Image-2026-03-10-at-20.40.57-1-1024x768.jpeg\" alt=\"\" width=\"499\" height=\"374\" src=\"data:image\/svg+xml;base64,PHN2ZyB3aWR0aD0iMSIgaGVpZ2h0PSIxIiB4bWxucz0iaHR0cDovL3d3dy53My5vcmcvMjAwMC9zdmciPjwvc3ZnPg==\" style=\"--smush-placeholder-width: 499px; --smush-placeholder-aspect-ratio: 499\/374;\" \/><\/figure>\n<p>O vice-prefeito, Paulo Feitosa, tamb\u00e9m esteve acompanhando a festividade. A iniciativa refor\u00e7a o compromisso da gest\u00e3o municipal em promover a\u00e7\u00f5es que valorizem, apoiem e fortale\u00e7am o papel da mulher na sociedade.<\/p>\n<p>&nbsp;<\/p>\n<p><em>Com Ascom<\/em><\/p>\n","protected":false},"excerpt":{"rendered":"<p>A Prefeitura Municipal de S\u00e3o Sebasti\u00e3o do Umbuzeiro, em parceria com a Secretaria de Assist\u00eancia Social e Desenvolvimento Humano e a Secretaria da Mulher, promoveu&hellip; <\/p>\n","protected":false},"author":6,"featured_media":311243,"comment_status":"closed","ping_status":"closed","sticky":false,"template":"","format":"standard","meta":{"sfsi_plus_gutenberg_text_before_share":"","sfsi_plus_gutenberg_show_text_before_share":"","sfsi_plus_gutenberg_icon_type":"","sfsi_plus_gutenberg_icon_alignemt":"","sfsi_plus_gutenburg_max_per_row":"","footnotes":""},"categories":[50,2,92],"tags":[],"class_list":["post-311242","post","type-post","status-publish","format-standard","has-post-thumbnail","hentry","category-destaque","category-geral","category-sao-sebastiao-do-umbuzeiro"],"_links":{"self":[{"href":"https:\/\/www.caririemacao.com\/1\/wp-json\/wp\/v2\/posts\/311242","targetHints":{"allow":["GET"]}}],"collection":[{"href":"https:\/\/www.caririemacao.com\/1\/wp-json\/wp\/v2\/posts"}],"about":[{"href":"https:\/\/www.caririemacao.com\/1\/wp-json\/wp\/v2\/types\/post"}],"author":[{"embeddable":true,"href":"https:\/\/www.caririemacao.com\/1\/wp-json\/wp\/v2\/users\/6"}],"replies":[{"embeddable":true,"href":"https:\/\/www.caririemacao.com\/1\/wp-json\/wp\/v2\/comments?post=311242"}],"version-history":[{"count":1,"href":"https:\/\/www.caririemacao.com\/1\/wp-json\/wp\/v2\/posts\/311242\/revisions"}],"predecessor-version":[{"id":311244,"href":"https:\/\/www.caririemacao.com\/1\/wp-json\/wp\/v2\/posts\/311242\/revisions\/311244"}],"wp:featuredmedia":[{"embeddable":true,"href":"https:\/\/www.caririemacao.com\/1\/wp-json\/wp\/v2\/media\/311243"}],"wp:attachment":[{"href":"https:\/\/www.caririemacao.com\/1\/wp-json\/wp\/v2\/media?parent=311242"}],"wp:term":[{"taxonomy":"category","embeddable":true,"href":"https:\/\/www.caririemacao.com\/1\/wp-json\/wp\/v2\/categories?post=311242"},{"taxonomy":"post_tag","embeddable":true,"href":"https:\/\/www.caririemacao.com\/1\/wp-json\/wp\/v2\/tags?post=311242"}],"curies":[{"name":"wp","href":"https:\/\/api.w.org\/{rel}","templated":true}]}}