{"id":311245,"date":"2026-03-14T10:51:21","date_gmt":"2026-03-14T13:51:21","guid":{"rendered":"https:\/\/www.caririemacao.com\/1\/?p=311245"},"modified":"2026-03-14T10:51:21","modified_gmt":"2026-03-14T13:51:21","slug":"camara-de-gurjao-aprova-requerimentos-e-projeto-de-lei-durante-sessao-ordinaria","status":"publish","type":"post","link":"https:\/\/www.caririemacao.com\/1\/2026\/03\/14\/camara-de-gurjao-aprova-requerimentos-e-projeto-de-lei-durante-sessao-ordinaria\/","title":{"rendered":"C\u00e2mara de Gurj\u00e3o aprova requerimentos e projeto de lei durante sess\u00e3o ordin\u00e1ria"},"content":{"rendered":"<p data-start=\"85\" data-end=\"423\">A C\u00e2mara Municipal de Gurj\u00e3o, no Cariri paraibano, realizou na noite da \u00faltima sexta-feira (13) mais uma sess\u00e3o ordin\u00e1ria no plen\u00e1rio da Casa Agripino de Farias Gurj\u00e3o. Durante os trabalhos legislativos, os vereadores apreciaram e aprovaram por unanimidade diversos requerimentos e um projeto de lei voltados a melhorias para o munic\u00edpio.<\/p>\n<p data-start=\"85\" data-end=\"423\"><img fetchpriority=\"high\" decoding=\"async\" class=\" wp-image-311247 aligncenter\" src=\"https:\/\/www.caririemacao.com\/1\/wp-content\/uploads\/2026\/03\/WhatsApp-Image-2026-03-13-at-22.20.04-1-300x214.jpeg\" alt=\"\" width=\"339\" height=\"242\" srcset=\"https:\/\/www.caririemacao.com\/1\/wp-content\/uploads\/2026\/03\/WhatsApp-Image-2026-03-13-at-22.20.04-1-300x214.jpeg 300w, https:\/\/www.caririemacao.com\/1\/wp-content\/uploads\/2026\/03\/WhatsApp-Image-2026-03-13-at-22.20.04-1-1280x914.jpeg 1280w, https:\/\/www.caririemacao.com\/1\/wp-content\/uploads\/2026\/03\/WhatsApp-Image-2026-03-13-at-22.20.04-1-768x548.jpeg 768w, https:\/\/www.caririemacao.com\/1\/wp-content\/uploads\/2026\/03\/WhatsApp-Image-2026-03-13-at-22.20.04-1-1536x1096.jpeg 1536w, https:\/\/www.caririemacao.com\/1\/wp-content\/uploads\/2026\/03\/WhatsApp-Image-2026-03-13-at-22.20.04-1.jpeg 1600w\" sizes=\"(max-width: 339px) 100vw, 339px\" \/><\/p>\n<p data-start=\"425\" data-end=\"894\">Entre as mat\u00e9rias aprovadas est\u00e1 o Requerimento n\u00ba 064\/2025, de autoria da vereadora Fabr\u00edcia Oliveira, que solicita ao prefeito Z\u00e9\u00a0Elias\u00a0e \u00e0s secretarias competentes que estudem a viabilidade de firmar parceria com parques infantis, circos e espet\u00e1culos circenses que se instalarem no munic\u00edpio durante per\u00edodos festivos, garantindo um dia de acesso gratuito para todas as crian\u00e7as de Gurj\u00e3o, tanto da zona urbana quanto da zona rural.<\/p>\n<p data-start=\"425\" data-end=\"894\"><img decoding=\"async\" class=\"wp-image-311248 aligncenter lazyload\" data-src=\"https:\/\/www.caririemacao.com\/1\/wp-content\/uploads\/2026\/03\/WhatsApp-Image-2026-03-13-at-22.20.04-2-300x214.jpeg\" alt=\"\" width=\"349\" height=\"249\" data-srcset=\"https:\/\/www.caririemacao.com\/1\/wp-content\/uploads\/2026\/03\/WhatsApp-Image-2026-03-13-at-22.20.04-2-300x214.jpeg 300w, https:\/\/www.caririemacao.com\/1\/wp-content\/uploads\/2026\/03\/WhatsApp-Image-2026-03-13-at-22.20.04-2-1280x914.jpeg 1280w, https:\/\/www.caririemacao.com\/1\/wp-content\/uploads\/2026\/03\/WhatsApp-Image-2026-03-13-at-22.20.04-2-768x548.jpeg 768w, https:\/\/www.caririemacao.com\/1\/wp-content\/uploads\/2026\/03\/WhatsApp-Image-2026-03-13-at-22.20.04-2-1536x1096.jpeg 1536w, https:\/\/www.caririemacao.com\/1\/wp-content\/uploads\/2026\/03\/WhatsApp-Image-2026-03-13-at-22.20.04-2.jpeg 1600w\" data-sizes=\"(max-width: 349px) 100vw, 349px\" src=\"data:image\/svg+xml;base64,PHN2ZyB3aWR0aD0iMSIgaGVpZ2h0PSIxIiB4bWxucz0iaHR0cDovL3d3dy53My5vcmcvMjAwMC9zdmciPjwvc3ZnPg==\" style=\"--smush-placeholder-width: 349px; --smush-placeholder-aspect-ratio: 349\/249;\" \/><\/p>\n<p data-start=\"896\" data-end=\"1452\">Tamb\u00e9m foram aprovados os Requerimentos n\u00ba 012, 013, 015 e 016\/2026, todos de autoria do vereador e presidente da C\u00e2mara Edivaldo Morais. As proposi\u00e7\u00f5es solicitam, respectivamente, a recupera\u00e7\u00e3o e manuten\u00e7\u00e3o de mata-burros nas comunidades rurais, a constru\u00e7\u00e3o de uma passagem molhada na Comunidade Santa Rita, a retirada e controle de animais soltos nas ruas da cidade e a realiza\u00e7\u00e3o de estudo t\u00e9cnico para instala\u00e7\u00e3o de redutores de velocidade em pontos espec\u00edficos do munic\u00edpio, com o objetivo de aumentar a seguran\u00e7a no tr\u00e2nsito.<\/p>\n<p data-start=\"896\" data-end=\"1452\"><img decoding=\"async\" class=\"wp-image-311250 aligncenter lazyload\" data-src=\"https:\/\/www.caririemacao.com\/1\/wp-content\/uploads\/2026\/03\/WhatsApp-Image-2026-03-13-at-22.20.04-4-300x214.jpeg\" alt=\"\" width=\"327\" height=\"233\" data-srcset=\"https:\/\/www.caririemacao.com\/1\/wp-content\/uploads\/2026\/03\/WhatsApp-Image-2026-03-13-at-22.20.04-4-300x214.jpeg 300w, https:\/\/www.caririemacao.com\/1\/wp-content\/uploads\/2026\/03\/WhatsApp-Image-2026-03-13-at-22.20.04-4-1280x914.jpeg 1280w, https:\/\/www.caririemacao.com\/1\/wp-content\/uploads\/2026\/03\/WhatsApp-Image-2026-03-13-at-22.20.04-4-768x549.jpeg 768w, https:\/\/www.caririemacao.com\/1\/wp-content\/uploads\/2026\/03\/WhatsApp-Image-2026-03-13-at-22.20.04-4-1536x1097.jpeg 1536w, https:\/\/www.caririemacao.com\/1\/wp-content\/uploads\/2026\/03\/WhatsApp-Image-2026-03-13-at-22.20.04-4-700x496.jpeg 700w, https:\/\/www.caririemacao.com\/1\/wp-content\/uploads\/2026\/03\/WhatsApp-Image-2026-03-13-at-22.20.04-4.jpeg 1600w\" data-sizes=\"(max-width: 327px) 100vw, 327px\" src=\"data:image\/svg+xml;base64,PHN2ZyB3aWR0aD0iMSIgaGVpZ2h0PSIxIiB4bWxucz0iaHR0cDovL3d3dy53My5vcmcvMjAwMC9zdmciPjwvc3ZnPg==\" style=\"--smush-placeholder-width: 327px; --smush-placeholder-aspect-ratio: 327\/233;\" \/><\/p>\n<p data-start=\"1454\" data-end=\"1793\">Outro requerimento aprovado foi o n\u00ba 017\/2026, apresentado pela vereadora Fabr\u00edcia Oliveira, que solicita esclarecimentos \u00e0 CAGEPA sobre a interrup\u00e7\u00e3o no abastecimento de \u00e1gua no munic\u00edpio, al\u00e9m de informa\u00e7\u00f5es sobre a possibilidade de utiliza\u00e7\u00e3o da \u00e1gua do a\u00e7ude p\u00fablico municipal como alternativa para amenizar o problema.<\/p>\n<p data-start=\"1454\" data-end=\"1793\"><img decoding=\"async\" class=\"wp-image-311252 aligncenter lazyload\" data-src=\"https:\/\/www.caririemacao.com\/1\/wp-content\/uploads\/2026\/03\/WhatsApp-Image-2026-03-13-at-22.20.04-5-300x214.jpeg\" alt=\"\" width=\"348\" height=\"248\" data-srcset=\"https:\/\/www.caririemacao.com\/1\/wp-content\/uploads\/2026\/03\/WhatsApp-Image-2026-03-13-at-22.20.04-5-300x214.jpeg 300w, https:\/\/www.caririemacao.com\/1\/wp-content\/uploads\/2026\/03\/WhatsApp-Image-2026-03-13-at-22.20.04-5-1280x914.jpeg 1280w, https:\/\/www.caririemacao.com\/1\/wp-content\/uploads\/2026\/03\/WhatsApp-Image-2026-03-13-at-22.20.04-5-768x549.jpeg 768w, https:\/\/www.caririemacao.com\/1\/wp-content\/uploads\/2026\/03\/WhatsApp-Image-2026-03-13-at-22.20.04-5-1536x1097.jpeg 1536w, https:\/\/www.caririemacao.com\/1\/wp-content\/uploads\/2026\/03\/WhatsApp-Image-2026-03-13-at-22.20.04-5-700x496.jpeg 700w, https:\/\/www.caririemacao.com\/1\/wp-content\/uploads\/2026\/03\/WhatsApp-Image-2026-03-13-at-22.20.04-5.jpeg 1600w\" data-sizes=\"(max-width: 348px) 100vw, 348px\" src=\"data:image\/svg+xml;base64,PHN2ZyB3aWR0aD0iMSIgaGVpZ2h0PSIxIiB4bWxucz0iaHR0cDovL3d3dy53My5vcmcvMjAwMC9zdmciPjwvc3ZnPg==\" style=\"--smush-placeholder-width: 348px; --smush-placeholder-aspect-ratio: 348\/248;\" \/><\/p>\n<p data-start=\"1795\" data-end=\"2049\">J\u00e1 o Requerimento n\u00ba 018\/2026, de autoria do vereador Marcelo Farias, pede que a Prefeitura realize um estudo t\u00e9cnico para implanta\u00e7\u00e3o de um projeto de arboriza\u00e7\u00e3o nas ruas da cidade, priorizando \u00e1reas que ainda n\u00e3o possuem cobertura vegetal.<\/p>\n<p data-start=\"1795\" data-end=\"2049\"><img decoding=\"async\" class=\"wp-image-311251 aligncenter lazyload\" data-src=\"https:\/\/www.caririemacao.com\/1\/wp-content\/uploads\/2026\/03\/WhatsApp-Image-2026-03-13-at-22.20.03-1-300x214.jpeg\" alt=\"\" width=\"353\" height=\"252\" data-srcset=\"https:\/\/www.caririemacao.com\/1\/wp-content\/uploads\/2026\/03\/WhatsApp-Image-2026-03-13-at-22.20.03-1-300x214.jpeg 300w, https:\/\/www.caririemacao.com\/1\/wp-content\/uploads\/2026\/03\/WhatsApp-Image-2026-03-13-at-22.20.03-1-1280x914.jpeg 1280w, https:\/\/www.caririemacao.com\/1\/wp-content\/uploads\/2026\/03\/WhatsApp-Image-2026-03-13-at-22.20.03-1-768x548.jpeg 768w, https:\/\/www.caririemacao.com\/1\/wp-content\/uploads\/2026\/03\/WhatsApp-Image-2026-03-13-at-22.20.03-1-1536x1096.jpeg 1536w, https:\/\/www.caririemacao.com\/1\/wp-content\/uploads\/2026\/03\/WhatsApp-Image-2026-03-13-at-22.20.03-1.jpeg 1600w\" data-sizes=\"(max-width: 353px) 100vw, 353px\" src=\"data:image\/svg+xml;base64,PHN2ZyB3aWR0aD0iMSIgaGVpZ2h0PSIxIiB4bWxucz0iaHR0cDovL3d3dy53My5vcmcvMjAwMC9zdmciPjwvc3ZnPg==\" style=\"--smush-placeholder-width: 353px; --smush-placeholder-aspect-ratio: 353\/252;\" \/><\/p>\n<p data-start=\"2051\" data-end=\"2471\">Durante a sess\u00e3o, os parlamentares tamb\u00e9m aprovaram o Projeto de Lei n\u00ba 008\/2026, de autoria da vereadora Macielma C\u00e2ndido, que institui o Programa \u201cMar\u00e7o Delas\u201d no calend\u00e1rio oficial do munic\u00edpio. A iniciativa \u00e9 voltada \u00e0 promo\u00e7\u00e3o da sa\u00fade integral da mulher, com a\u00e7\u00f5es de conscientiza\u00e7\u00e3o, campanhas informativas, realiza\u00e7\u00e3o de exames preventivos e atividades educativas ao longo do m\u00eas de mar\u00e7o.<\/p>\n<p data-start=\"2473\" data-end=\"2666\">Ap\u00f3s a aprecia\u00e7\u00e3o das mat\u00e9rias e encerramento da pauta, o presidente da C\u00e2mara, vereador Edivaldo Morais, agradeceu a presen\u00e7a dos demais parlamentares e de todos que acompanharam a sess\u00e3o.<\/p>\n<p data-start=\"2668\" data-end=\"2735\" data-is-last-node=\"\" data-is-only-node=\"\">Em seguida, declarou encerrados os trabalhos legislativos da noite.<\/p>\n<p data-start=\"2668\" data-end=\"2735\" data-is-last-node=\"\" data-is-only-node=\"\"><img decoding=\"async\" class=\"wp-image-311249 aligncenter lazyload\" data-src=\"https:\/\/www.caririemacao.com\/1\/wp-content\/uploads\/2026\/03\/WhatsApp-Image-2026-03-13-at-22.20.04-3-300x214.jpeg\" alt=\"\" width=\"381\" height=\"272\" data-srcset=\"https:\/\/www.caririemacao.com\/1\/wp-content\/uploads\/2026\/03\/WhatsApp-Image-2026-03-13-at-22.20.04-3-300x214.jpeg 300w, https:\/\/www.caririemacao.com\/1\/wp-content\/uploads\/2026\/03\/WhatsApp-Image-2026-03-13-at-22.20.04-3-1280x914.jpeg 1280w, https:\/\/www.caririemacao.com\/1\/wp-content\/uploads\/2026\/03\/WhatsApp-Image-2026-03-13-at-22.20.04-3-768x549.jpeg 768w, https:\/\/www.caririemacao.com\/1\/wp-content\/uploads\/2026\/03\/WhatsApp-Image-2026-03-13-at-22.20.04-3-1536x1097.jpeg 1536w, https:\/\/www.caririemacao.com\/1\/wp-content\/uploads\/2026\/03\/WhatsApp-Image-2026-03-13-at-22.20.04-3.jpeg 1600w\" data-sizes=\"(max-width: 381px) 100vw, 381px\" src=\"data:image\/svg+xml;base64,PHN2ZyB3aWR0aD0iMSIgaGVpZ2h0PSIxIiB4bWxucz0iaHR0cDovL3d3dy53My5vcmcvMjAwMC9zdmciPjwvc3ZnPg==\" style=\"--smush-placeholder-width: 381px; --smush-placeholder-aspect-ratio: 381\/272;\" \/><\/p>\n<p data-start=\"2668\" data-end=\"2735\" data-is-last-node=\"\" data-is-only-node=\"\"><img decoding=\"async\" class=\"wp-image-311253 aligncenter lazyload\" data-src=\"https:\/\/www.caririemacao.com\/1\/wp-content\/uploads\/2026\/03\/WhatsApp-Image-2026-03-13-at-22.20.05-300x214.jpeg\" alt=\"\" width=\"373\" height=\"266\" data-srcset=\"https:\/\/www.caririemacao.com\/1\/wp-content\/uploads\/2026\/03\/WhatsApp-Image-2026-03-13-at-22.20.05-300x214.jpeg 300w, https:\/\/www.caririemacao.com\/1\/wp-content\/uploads\/2026\/03\/WhatsApp-Image-2026-03-13-at-22.20.05-1280x914.jpeg 1280w, https:\/\/www.caririemacao.com\/1\/wp-content\/uploads\/2026\/03\/WhatsApp-Image-2026-03-13-at-22.20.05-768x548.jpeg 768w, https:\/\/www.caririemacao.com\/1\/wp-content\/uploads\/2026\/03\/WhatsApp-Image-2026-03-13-at-22.20.05-1536x1096.jpeg 1536w, https:\/\/www.caririemacao.com\/1\/wp-content\/uploads\/2026\/03\/WhatsApp-Image-2026-03-13-at-22.20.05.jpeg 1600w\" data-sizes=\"(max-width: 373px) 100vw, 373px\" src=\"data:image\/svg+xml;base64,PHN2ZyB3aWR0aD0iMSIgaGVpZ2h0PSIxIiB4bWxucz0iaHR0cDovL3d3dy53My5vcmcvMjAwMC9zdmciPjwvc3ZnPg==\" style=\"--smush-placeholder-width: 373px; --smush-placeholder-aspect-ratio: 373\/266;\" \/><\/p>\n<p data-start=\"2668\" data-end=\"2735\" data-is-last-node=\"\" data-is-only-node=\"\"><img decoding=\"async\" class=\"wp-image-311255 aligncenter lazyload\" data-src=\"https:\/\/www.caririemacao.com\/1\/wp-content\/uploads\/2026\/03\/WhatsApp-Image-2026-03-13-at-22.20.03-3-300x214.jpeg\" alt=\"\" width=\"371\" height=\"265\" data-srcset=\"https:\/\/www.caririemacao.com\/1\/wp-content\/uploads\/2026\/03\/WhatsApp-Image-2026-03-13-at-22.20.03-3-300x214.jpeg 300w, https:\/\/www.caririemacao.com\/1\/wp-content\/uploads\/2026\/03\/WhatsApp-Image-2026-03-13-at-22.20.03-3-1280x914.jpeg 1280w, https:\/\/www.caririemacao.com\/1\/wp-content\/uploads\/2026\/03\/WhatsApp-Image-2026-03-13-at-22.20.03-3-768x549.jpeg 768w, https:\/\/www.caririemacao.com\/1\/wp-content\/uploads\/2026\/03\/WhatsApp-Image-2026-03-13-at-22.20.03-3-1536x1097.jpeg 1536w, https:\/\/www.caririemacao.com\/1\/wp-content\/uploads\/2026\/03\/WhatsApp-Image-2026-03-13-at-22.20.03-3.jpeg 1600w\" data-sizes=\"(max-width: 371px) 100vw, 371px\" src=\"data:image\/svg+xml;base64,PHN2ZyB3aWR0aD0iMSIgaGVpZ2h0PSIxIiB4bWxucz0iaHR0cDovL3d3dy53My5vcmcvMjAwMC9zdmciPjwvc3ZnPg==\" style=\"--smush-placeholder-width: 371px; --smush-placeholder-aspect-ratio: 371\/265;\" \/><\/p>\n<p data-start=\"2668\" data-end=\"2735\" data-is-last-node=\"\" data-is-only-node=\"\"><strong>CARIRI EM A\u00c7\u00c3O<\/strong><\/p>\n","protected":false},"excerpt":{"rendered":"<p>A C\u00e2mara Municipal de Gurj\u00e3o, no Cariri paraibano, realizou na noite da \u00faltima sexta-feira (13) mais uma sess\u00e3o ordin\u00e1ria no plen\u00e1rio da Casa Agripino de&hellip; <\/p>\n","protected":false},"author":6,"featured_media":311246,"comment_status":"closed","ping_status":"closed","sticky":false,"template":"","format":"standard","meta":{"sfsi_plus_gutenberg_text_before_share":"","sfsi_plus_gutenberg_show_text_before_share":"","sfsi_plus_gutenberg_icon_type":"","sfsi_plus_gutenberg_icon_alignemt":"","sfsi_plus_gutenburg_max_per_row":"","footnotes":""},"categories":[50,2,77],"tags":[],"class_list":["post-311245","post","type-post","status-publish","format-standard","has-post-thumbnail","hentry","category-destaque","category-geral","category-gurjao"],"_links":{"self":[{"href":"https:\/\/www.caririemacao.com\/1\/wp-json\/wp\/v2\/posts\/311245","targetHints":{"allow":["GET"]}}],"collection":[{"href":"https:\/\/www.caririemacao.com\/1\/wp-json\/wp\/v2\/posts"}],"about":[{"href":"https:\/\/www.caririemacao.com\/1\/wp-json\/wp\/v2\/types\/post"}],"author":[{"embeddable":true,"href":"https:\/\/www.caririemacao.com\/1\/wp-json\/wp\/v2\/users\/6"}],"replies":[{"embeddable":true,"href":"https:\/\/www.caririemacao.com\/1\/wp-json\/wp\/v2\/comments?post=311245"}],"version-history":[{"count":1,"href":"https:\/\/www.caririemacao.com\/1\/wp-json\/wp\/v2\/posts\/311245\/revisions"}],"predecessor-version":[{"id":311256,"href":"https:\/\/www.caririemacao.com\/1\/wp-json\/wp\/v2\/posts\/311245\/revisions\/311256"}],"wp:featuredmedia":[{"embeddable":true,"href":"https:\/\/www.caririemacao.com\/1\/wp-json\/wp\/v2\/media\/311246"}],"wp:attachment":[{"href":"https:\/\/www.caririemacao.com\/1\/wp-json\/wp\/v2\/media?parent=311245"}],"wp:term":[{"taxonomy":"category","embeddable":true,"href":"https:\/\/www.caririemacao.com\/1\/wp-json\/wp\/v2\/categories?post=311245"},{"taxonomy":"post_tag","embeddable":true,"href":"https:\/\/www.caririemacao.com\/1\/wp-json\/wp\/v2\/tags?post=311245"}],"curies":[{"name":"wp","href":"https:\/\/api.w.org\/{rel}","templated":true}]}}