{"id":311257,"date":"2026-03-14T15:03:53","date_gmt":"2026-03-14T18:03:53","guid":{"rendered":"https:\/\/www.caririemacao.com\/1\/?p=311257"},"modified":"2026-03-14T15:03:53","modified_gmt":"2026-03-14T18:03:53","slug":"autosul-entrega-moto-zero-km-a-ganhador-de-monteiro-apos-sorteio-realizado-pela-empresa","status":"publish","type":"post","link":"https:\/\/www.caririemacao.com\/1\/2026\/03\/14\/autosul-entrega-moto-zero-km-a-ganhador-de-monteiro-apos-sorteio-realizado-pela-empresa\/","title":{"rendered":"Autosul entrega moto zero km a ganhador de Monteiro ap\u00f3s sorteio realizado pela empresa"},"content":{"rendered":"<p data-start=\"93\" data-end=\"323\">A empresa Autosul, que atua h\u00e1 mais de 10 anos no mercado oferecendo servi\u00e7os de prote\u00e7\u00e3o para carros e motos, realizou neste s\u00e1bado (14) a entrega de uma moto zero quil\u00f4metro ao ganhador do sorteio promovido pela empresa.<\/p>\n<p data-start=\"325\" data-end=\"610\">O contemplado foi Fabr\u00edcio Patriota, morador do munic\u00edpio de Monteiro, no Cariri paraibano. A entrega aconteceu neste fim de semana e marcou um momento especial para o ganhador, que recentemente enfrentou um momento dif\u00edcil ap\u00f3s um inc\u00eandio atingir sua oficina de ve\u00edculos.<\/p>\n<p data-start=\"612\" data-end=\"738\">Mesmo diante das dificuldades, Fabr\u00edcio foi surpreendido com a not\u00edcia de que havia sido o grande vencedor do sorteio da moto.<\/p>\n<p data-start=\"612\" data-end=\"738\"><img fetchpriority=\"high\" decoding=\"async\" class=\" wp-image-311259 aligncenter\" src=\"https:\/\/www.caririemacao.com\/1\/wp-content\/uploads\/2026\/03\/WhatsApp-Image-2026-03-14-at-11.23.40-1-300x225.jpeg\" alt=\"\" width=\"443\" height=\"332\" srcset=\"https:\/\/www.caririemacao.com\/1\/wp-content\/uploads\/2026\/03\/WhatsApp-Image-2026-03-14-at-11.23.40-1-300x225.jpeg 300w, https:\/\/www.caririemacao.com\/1\/wp-content\/uploads\/2026\/03\/WhatsApp-Image-2026-03-14-at-11.23.40-1-768x576.jpeg 768w, https:\/\/www.caririemacao.com\/1\/wp-content\/uploads\/2026\/03\/WhatsApp-Image-2026-03-14-at-11.23.40-1.jpeg 1280w\" sizes=\"(max-width: 443px) 100vw, 443px\" \/><\/p>\n<p data-start=\"740\" data-end=\"887\">O respons\u00e1vel pela Autosul, Adriano Wolff, destacou a alegria da empresa em poder realizar a entrega e celebrar esse momento junto ao ganhador.<\/p>\n<p data-start=\"889\" data-end=\"1250\">\u201cFicamos muito felizes em poder entregar essa moto ao Fabr\u00edcio. A Autosul sempre busca valorizar e reconhecer as pessoas que confiam no nosso trabalho. Saber que ele passou por um momento dif\u00edcil recentemente e agora recebe esse presente torna tudo ainda mais especial. Desejamos que essa conquista traga muitas b\u00ean\u00e7\u00e3os e novas oportunidades para ele\u201d, afirmou.<\/p>\n<p data-start=\"1252\" data-end=\"1441\" data-is-last-node=\"\" data-is-only-node=\"\">Com mais de uma d\u00e9cada de atua\u00e7\u00e3o no mercado, a Autosul segue realizando a\u00e7\u00f5es e sorteios como forma de agradecer a confian\u00e7a dos seus associados e fortalecer a rela\u00e7\u00e3o com os clientes.<\/p>\n<p data-start=\"1252\" data-end=\"1441\" data-is-last-node=\"\" data-is-only-node=\"\">\n<p data-start=\"1252\" data-end=\"1441\" data-is-last-node=\"\" data-is-only-node=\"\"><strong>CARIRI EM A\u00c7\u00c3O<\/strong><\/p>\n","protected":false},"excerpt":{"rendered":"<p>A empresa Autosul, que atua h\u00e1 mais de 10 anos no mercado oferecendo servi\u00e7os de prote\u00e7\u00e3o para carros e motos, realizou neste s\u00e1bado (14) a&hellip; <\/p>\n","protected":false},"author":6,"featured_media":311258,"comment_status":"closed","ping_status":"closed","sticky":false,"template":"","format":"standard","meta":{"sfsi_plus_gutenberg_text_before_share":"","sfsi_plus_gutenberg_show_text_before_share":"","sfsi_plus_gutenberg_icon_type":"","sfsi_plus_gutenberg_icon_alignemt":"","sfsi_plus_gutenburg_max_per_row":"","footnotes":""},"categories":[50,2,81],"tags":[],"class_list":["post-311257","post","type-post","status-publish","format-standard","has-post-thumbnail","hentry","category-destaque","category-geral","category-monteiro"],"_links":{"self":[{"href":"https:\/\/www.caririemacao.com\/1\/wp-json\/wp\/v2\/posts\/311257","targetHints":{"allow":["GET"]}}],"collection":[{"href":"https:\/\/www.caririemacao.com\/1\/wp-json\/wp\/v2\/posts"}],"about":[{"href":"https:\/\/www.caririemacao.com\/1\/wp-json\/wp\/v2\/types\/post"}],"author":[{"embeddable":true,"href":"https:\/\/www.caririemacao.com\/1\/wp-json\/wp\/v2\/users\/6"}],"replies":[{"embeddable":true,"href":"https:\/\/www.caririemacao.com\/1\/wp-json\/wp\/v2\/comments?post=311257"}],"version-history":[{"count":1,"href":"https:\/\/www.caririemacao.com\/1\/wp-json\/wp\/v2\/posts\/311257\/revisions"}],"predecessor-version":[{"id":311260,"href":"https:\/\/www.caririemacao.com\/1\/wp-json\/wp\/v2\/posts\/311257\/revisions\/311260"}],"wp:featuredmedia":[{"embeddable":true,"href":"https:\/\/www.caririemacao.com\/1\/wp-json\/wp\/v2\/media\/311258"}],"wp:attachment":[{"href":"https:\/\/www.caririemacao.com\/1\/wp-json\/wp\/v2\/media?parent=311257"}],"wp:term":[{"taxonomy":"category","embeddable":true,"href":"https:\/\/www.caririemacao.com\/1\/wp-json\/wp\/v2\/categories?post=311257"},{"taxonomy":"post_tag","embeddable":true,"href":"https:\/\/www.caririemacao.com\/1\/wp-json\/wp\/v2\/tags?post=311257"}],"curies":[{"name":"wp","href":"https:\/\/api.w.org\/{rel}","templated":true}]}}