{"id":311267,"date":"2026-03-15T09:19:43","date_gmt":"2026-03-15T12:19:43","guid":{"rendered":"https:\/\/www.caririemacao.com\/1\/?p=311267"},"modified":"2026-03-15T09:19:43","modified_gmt":"2026-03-15T12:19:43","slug":"mulher-sofre-grave-acidente-de-moto-na-zona-rural-de-monteiro-e-e-transferida-em-estado-grave-para-campina-grande","status":"publish","type":"post","link":"https:\/\/www.caririemacao.com\/1\/2026\/03\/15\/mulher-sofre-grave-acidente-de-moto-na-zona-rural-de-monteiro-e-e-transferida-em-estado-grave-para-campina-grande\/","title":{"rendered":"Mulher sofre grave acidente de moto na zona rural de Monteiro e \u00e9 transferida em estado grave para Campina Grande"},"content":{"rendered":"<p>Uma mulher ficou gravemente ferida ap\u00f3s um acidente de motocicleta registrado na noite deste s\u00e1bado (14), na zona rural do munic\u00edpio de Monteiro, no Cariri paraibano.<\/p>\n<p>De acordo com relatos de moradores, a v\u00edtima foi encontrada desacordada ao lado de uma motocicleta no s\u00edtio Boa Esperan\u00e7a. A suspeita \u00e9 de que ela tenha sofrido um acidente enquanto trafegava pela localidade.<\/p>\n<p>Equipes do Servi\u00e7o de Atendimento M\u00f3vel de Urg\u00eancia (Samu) foram acionadas e prestaram os primeiros socorros no local. Diante da gravidade do quadro cl\u00ednico, o m\u00e9dico da equipe realizou os procedimentos de emerg\u00eancia e precisou entubar a v\u00edtima ainda no atendimento inicial.<\/p>\n<p>Ap\u00f3s a estabiliza\u00e7\u00e3o, a mulher foi encaminhada para o Hospital Regional de Monteiro. No entanto, devido \u00e0 gravidade dos ferimentos, ela precisou ser transferida para um hospital em Campina Grande, onde dever\u00e1 receber atendimento especializado.<\/p>\n<p>Informa\u00e7\u00f5es preliminares apontam que a v\u00edtima \u00e9 do s\u00edtio Carnaubinha, localizado nas proximidades da comunidade Boa Esperan\u00e7a.<\/p>\n<p>As circunst\u00e2ncias do acidente ainda n\u00e3o foram esclarecidas.<\/p>\n<p><strong>CARIRI EM A\u00c7\u00c3O<\/strong><\/p>\n<p><em>Com O Pipoco<\/em><\/p>\n","protected":false},"excerpt":{"rendered":"<p>Uma mulher ficou gravemente ferida ap\u00f3s um acidente de motocicleta registrado na noite deste s\u00e1bado (14), na zona rural do munic\u00edpio de Monteiro, no Cariri&hellip; <\/p>\n","protected":false},"author":6,"featured_media":295814,"comment_status":"closed","ping_status":"closed","sticky":false,"template":"","format":"standard","meta":{"sfsi_plus_gutenberg_text_before_share":"","sfsi_plus_gutenberg_show_text_before_share":"","sfsi_plus_gutenberg_icon_type":"","sfsi_plus_gutenberg_icon_alignemt":"","sfsi_plus_gutenburg_max_per_row":"","footnotes":""},"categories":[50,2,81,12],"tags":[],"class_list":["post-311267","post","type-post","status-publish","format-standard","has-post-thumbnail","hentry","category-destaque","category-geral","category-monteiro","category-policia"],"_links":{"self":[{"href":"https:\/\/www.caririemacao.com\/1\/wp-json\/wp\/v2\/posts\/311267","targetHints":{"allow":["GET"]}}],"collection":[{"href":"https:\/\/www.caririemacao.com\/1\/wp-json\/wp\/v2\/posts"}],"about":[{"href":"https:\/\/www.caririemacao.com\/1\/wp-json\/wp\/v2\/types\/post"}],"author":[{"embeddable":true,"href":"https:\/\/www.caririemacao.com\/1\/wp-json\/wp\/v2\/users\/6"}],"replies":[{"embeddable":true,"href":"https:\/\/www.caririemacao.com\/1\/wp-json\/wp\/v2\/comments?post=311267"}],"version-history":[{"count":1,"href":"https:\/\/www.caririemacao.com\/1\/wp-json\/wp\/v2\/posts\/311267\/revisions"}],"predecessor-version":[{"id":311269,"href":"https:\/\/www.caririemacao.com\/1\/wp-json\/wp\/v2\/posts\/311267\/revisions\/311269"}],"wp:featuredmedia":[{"embeddable":true,"href":"https:\/\/www.caririemacao.com\/1\/wp-json\/wp\/v2\/media\/295814"}],"wp:attachment":[{"href":"https:\/\/www.caririemacao.com\/1\/wp-json\/wp\/v2\/media?parent=311267"}],"wp:term":[{"taxonomy":"category","embeddable":true,"href":"https:\/\/www.caririemacao.com\/1\/wp-json\/wp\/v2\/categories?post=311267"},{"taxonomy":"post_tag","embeddable":true,"href":"https:\/\/www.caririemacao.com\/1\/wp-json\/wp\/v2\/tags?post=311267"}],"curies":[{"name":"wp","href":"https:\/\/api.w.org\/{rel}","templated":true}]}}