{"id":311268,"date":"2026-03-15T09:28:00","date_gmt":"2026-03-15T12:28:00","guid":{"rendered":"https:\/\/www.caririemacao.com\/1\/?p=311268"},"modified":"2026-03-15T09:28:00","modified_gmt":"2026-03-15T12:28:00","slug":"colisao-entre-motos-deixa-dois-homens-gravemente-feridos-na-zona-rural-de-monteiro","status":"publish","type":"post","link":"https:\/\/www.caririemacao.com\/1\/2026\/03\/15\/colisao-entre-motos-deixa-dois-homens-gravemente-feridos-na-zona-rural-de-monteiro\/","title":{"rendered":"Colis\u00e3o entre motos deixa dois homens gravemente feridos na zona rural de Monteiro"},"content":{"rendered":"<p>Dois homens ficaram gravemente feridos ap\u00f3s uma colis\u00e3o entre duas motocicletas na noite deste s\u00e1bado (14), na zona rural do munic\u00edpio de Monteiro, no Cariri paraibano.<\/p>\n<p>De acordo com as primeiras informa\u00e7\u00f5es, o acidente aconteceu na rodovia PB-264, nas proximidades do S\u00edtio Serrote, no sentido do munic\u00edpio de Zabel\u00ea.<\/p>\n<p>Com o impacto da colis\u00e3o, as duas v\u00edtimas sofreram ferimentos graves. Um dos homens teve fratura exposta, enquanto o outro, devido \u00e0 gravidade do quadro cl\u00ednico, precisou ser entubado.<\/p>\n<p>Equipes do Servi\u00e7o de Atendimento M\u00f3vel de Urg\u00eancia (Samu) prestaram os primeiros socorros no local do acidente. Em seguida, os feridos foram encaminhados para o Hospital Regional de Monteiro.<\/p>\n<p>Segundo informa\u00e7\u00f5es iniciais, devido \u00e0 gravidade dos ferimentos, os dois homens dever\u00e3o ser transferidos para uma unidade hospitalar em Campina Grande para receber atendimento especializado.<\/p>\n<p>As circunst\u00e2ncias do acidente ainda dever\u00e3o ser apuradas.<\/p>\n<p><strong>CARIRI EM A\u00c7\u00c3O<\/strong><\/p>\n<p><em>Com O Pipoco<\/em><\/p>\n","protected":false},"excerpt":{"rendered":"<p>Dois homens ficaram gravemente feridos ap\u00f3s uma colis\u00e3o entre duas motocicletas na noite deste s\u00e1bado (14), na zona rural do munic\u00edpio de Monteiro, no Cariri&hellip; <\/p>\n","protected":false},"author":6,"featured_media":311270,"comment_status":"closed","ping_status":"closed","sticky":false,"template":"","format":"standard","meta":{"sfsi_plus_gutenberg_text_before_share":"","sfsi_plus_gutenberg_show_text_before_share":"","sfsi_plus_gutenberg_icon_type":"","sfsi_plus_gutenberg_icon_alignemt":"","sfsi_plus_gutenburg_max_per_row":"","footnotes":""},"categories":[50,2,81,12],"tags":[],"class_list":["post-311268","post","type-post","status-publish","format-standard","has-post-thumbnail","hentry","category-destaque","category-geral","category-monteiro","category-policia"],"_links":{"self":[{"href":"https:\/\/www.caririemacao.com\/1\/wp-json\/wp\/v2\/posts\/311268","targetHints":{"allow":["GET"]}}],"collection":[{"href":"https:\/\/www.caririemacao.com\/1\/wp-json\/wp\/v2\/posts"}],"about":[{"href":"https:\/\/www.caririemacao.com\/1\/wp-json\/wp\/v2\/types\/post"}],"author":[{"embeddable":true,"href":"https:\/\/www.caririemacao.com\/1\/wp-json\/wp\/v2\/users\/6"}],"replies":[{"embeddable":true,"href":"https:\/\/www.caririemacao.com\/1\/wp-json\/wp\/v2\/comments?post=311268"}],"version-history":[{"count":1,"href":"https:\/\/www.caririemacao.com\/1\/wp-json\/wp\/v2\/posts\/311268\/revisions"}],"predecessor-version":[{"id":311271,"href":"https:\/\/www.caririemacao.com\/1\/wp-json\/wp\/v2\/posts\/311268\/revisions\/311271"}],"wp:featuredmedia":[{"embeddable":true,"href":"https:\/\/www.caririemacao.com\/1\/wp-json\/wp\/v2\/media\/311270"}],"wp:attachment":[{"href":"https:\/\/www.caririemacao.com\/1\/wp-json\/wp\/v2\/media?parent=311268"}],"wp:term":[{"taxonomy":"category","embeddable":true,"href":"https:\/\/www.caririemacao.com\/1\/wp-json\/wp\/v2\/categories?post=311268"},{"taxonomy":"post_tag","embeddable":true,"href":"https:\/\/www.caririemacao.com\/1\/wp-json\/wp\/v2\/tags?post=311268"}],"curies":[{"name":"wp","href":"https:\/\/api.w.org\/{rel}","templated":true}]}}