{"id":311275,"date":"2026-03-15T09:36:13","date_gmt":"2026-03-15T12:36:13","guid":{"rendered":"https:\/\/www.caririemacao.com\/1\/?p=311275"},"modified":"2026-03-15T09:36:13","modified_gmt":"2026-03-15T12:36:13","slug":"joao-azevedo-comenta-pesquisas-presidenciais-e-afirma-que-pais-continua-polarizado-o-projeto-do-presidente-lula-e-mais-importante","status":"publish","type":"post","link":"https:\/\/www.caririemacao.com\/1\/2026\/03\/15\/joao-azevedo-comenta-pesquisas-presidenciais-e-afirma-que-pais-continua-polarizado-o-projeto-do-presidente-lula-e-mais-importante\/","title":{"rendered":"Jo\u00e3o Azev\u00eado comenta pesquisas presidenciais e afirma que pa\u00eds continua polarizado: \u201cO projeto do presidente Lula \u00e9 mais importante\u201d"},"content":{"rendered":"<p>O governador da\u00a0Para\u00edba,\u00a0Jo\u00e3o Azev\u00eado\u00a0(PSB), comentou essa semana sobre as recentes pesquisas eleitorais que apontam empate t\u00e9cnico na corrida presidencial nas elei\u00e7\u00f5es deste ano. A declara\u00e7\u00e3o do foi dada durante entrevista \u00e0 imprensa ap\u00f3s agenda administrativa realizada em\u00a0Jo\u00e3o Pessoa, quando participou da entrega de um equipamento de resson\u00e2ncia magn\u00e9tica para o Hospital da Mulher Dona Creuza Pires.<\/p>\n<p>Segundo o governador, os levantamentos apontam um cen\u00e1rio de empate t\u00e9cnico entre o presidente\u00a0Luiz In\u00e1cio Lula da Silva\u00a0(PT) e o senador\u00a0Fl\u00e1vio Bolsonaro\u00a0(PL\u2013RJ), o que, na avalia\u00e7\u00e3o dele, demonstra que o pa\u00eds ainda vive um forte processo de polariza\u00e7\u00e3o pol\u00edtica. \u201cClaro, aqui na Para\u00edba o presidente tem uma margem muito maior. \u00c9 completamente diferente dessa m\u00e9dia nacional. As pesquisas e os dados que temos apontam o presidente com uma situa\u00e7\u00e3o extremamente tranquila, acima de 60% de inten\u00e7\u00e3o de voto aqui no estado\u201d, afirmou.<\/p>\n<p>Jo\u00e3o Azev\u00eado destacou que, na Para\u00edba, Lula ultrapassa os 60% de apoio nas pesquisas. Mesmo assim, alertou que o campo pol\u00edtico que apoia o presidente n\u00e3o pode relaxar e precisa manter a mobiliza\u00e7\u00e3o para as elei\u00e7\u00f5es. \u201c\u00c9 \u00f3bvio que n\u00e3o. A elei\u00e7\u00e3o s\u00f3 termina \u00e0s 17h do dia da vota\u00e7\u00e3o. At\u00e9 l\u00e1, todo mundo tem que trabalhar e buscar entender que o projeto do presidente Lula \u00e9 muito mais importante para o pa\u00eds do que qualquer outro projeto. Principalmente quando se observam os nomes que foram apresentados, que s\u00e3o de pessoas que n\u00e3o tiveram a m\u00ednima identidade com o Nordeste. E a\u00ed, como \u00e9 que fica? O Nordeste precisa sempre levar isso em considera\u00e7\u00e3o\u201d, acrescentou.<\/p>\n<p>A declara\u00e7\u00e3o acontece ap\u00f3s pesquisa do\u00a0Datafolha\u00a0divulgada no \u00faltimo s\u00e1bado (7) pelo jornal\u00a0Folha de S.Paulo\u00a0aponta que, em um cen\u00e1rio de segundo turno nas elei\u00e7\u00f5es de 2026,\u00a0Luiz In\u00e1cio Lula da Silva\u00a0teria 46% das inten\u00e7\u00f5es de voto, enquanto o\u00a0Fl\u00e1vio Bolsonaro\u00a0aparece com 43% na disputa pela Presid\u00eancia da Rep\u00fablica.<\/p>\n<p>No levantamento anterior, divulgado em dezembro, Lula registrava 51% das inten\u00e7\u00f5es de voto, contra 36% de Fl\u00e1vio Bolsonaro. J\u00e1 em julho de 2025, a pesquisa indicava o presidente com 48%, enquanto o senador aparecia com 37%.<\/p>\n<p>A pesquisa mostra uma tend\u00eancia de queda nas inten\u00e7\u00f5es de voto de Lula desde dezembro, enquanto Fl\u00e1vio Bolsonaro apresenta crescimento, indicando que a disputa pelo\u00a0Pal\u00e1cio do Planalto\u00a0permanece acirrada e com possibilidade de mudan\u00e7as at\u00e9 as elei\u00e7\u00f5es de 4 de outubro.<\/p>\n","protected":false},"excerpt":{"rendered":"<p>O governador da\u00a0Para\u00edba,\u00a0Jo\u00e3o Azev\u00eado\u00a0(PSB), comentou essa semana sobre as recentes pesquisas eleitorais que apontam empate t\u00e9cnico na corrida presidencial nas elei\u00e7\u00f5es deste ano. A declara\u00e7\u00e3o&hellip; <\/p>\n","protected":false},"author":6,"featured_media":311276,"comment_status":"closed","ping_status":"closed","sticky":false,"template":"","format":"standard","meta":{"sfsi_plus_gutenberg_text_before_share":"","sfsi_plus_gutenberg_show_text_before_share":"","sfsi_plus_gutenberg_icon_type":"","sfsi_plus_gutenberg_icon_alignemt":"","sfsi_plus_gutenburg_max_per_row":"","footnotes":""},"categories":[50,2,81,104,11],"tags":[],"class_list":["post-311275","post","type-post","status-publish","format-standard","has-post-thumbnail","hentry","category-destaque","category-geral","category-monteiro","category-paraiba","category-politica"],"_links":{"self":[{"href":"https:\/\/www.caririemacao.com\/1\/wp-json\/wp\/v2\/posts\/311275","targetHints":{"allow":["GET"]}}],"collection":[{"href":"https:\/\/www.caririemacao.com\/1\/wp-json\/wp\/v2\/posts"}],"about":[{"href":"https:\/\/www.caririemacao.com\/1\/wp-json\/wp\/v2\/types\/post"}],"author":[{"embeddable":true,"href":"https:\/\/www.caririemacao.com\/1\/wp-json\/wp\/v2\/users\/6"}],"replies":[{"embeddable":true,"href":"https:\/\/www.caririemacao.com\/1\/wp-json\/wp\/v2\/comments?post=311275"}],"version-history":[{"count":1,"href":"https:\/\/www.caririemacao.com\/1\/wp-json\/wp\/v2\/posts\/311275\/revisions"}],"predecessor-version":[{"id":311278,"href":"https:\/\/www.caririemacao.com\/1\/wp-json\/wp\/v2\/posts\/311275\/revisions\/311278"}],"wp:featuredmedia":[{"embeddable":true,"href":"https:\/\/www.caririemacao.com\/1\/wp-json\/wp\/v2\/media\/311276"}],"wp:attachment":[{"href":"https:\/\/www.caririemacao.com\/1\/wp-json\/wp\/v2\/media?parent=311275"}],"wp:term":[{"taxonomy":"category","embeddable":true,"href":"https:\/\/www.caririemacao.com\/1\/wp-json\/wp\/v2\/categories?post=311275"},{"taxonomy":"post_tag","embeddable":true,"href":"https:\/\/www.caririemacao.com\/1\/wp-json\/wp\/v2\/tags?post=311275"}],"curies":[{"name":"wp","href":"https:\/\/api.w.org\/{rel}","templated":true}]}}