{"id":311277,"date":"2026-03-15T09:38:18","date_gmt":"2026-03-15T12:38:18","guid":{"rendered":"https:\/\/www.caririemacao.com\/1\/?p=311277"},"modified":"2026-03-15T09:38:18","modified_gmt":"2026-03-15T12:38:18","slug":"embate-pelo-voto-evangelico-esquenta-entre-lula-e-flavio-e-nas-disputas-estaduais","status":"publish","type":"post","link":"https:\/\/www.caririemacao.com\/1\/2026\/03\/15\/embate-pelo-voto-evangelico-esquenta-entre-lula-e-flavio-e-nas-disputas-estaduais\/","title":{"rendered":"Embate pelo voto evang\u00e9lico esquenta entre Lula e Fl\u00e1vio e nas disputas estaduais"},"content":{"rendered":"<p>Desde que retornou ao Pal\u00e1cio do Planalto, Lula tentou de diversas formas se aproximar dos evang\u00e9licos, o segmento do eleitorado que mais exerce resist\u00eancia \u00e0 sua figura. Nos tr\u00eas primeiros anos de mandato, o presidente participou de cultos, enviou emiss\u00e1rios para conversar com pastores das maiores denomina\u00e7\u00f5es do pa\u00eds, fechou conv\u00eanios com igrejas independentes para distribuir benef\u00edcios sociais, mandou o PT fazer uma cartilha para ensinar a milit\u00e2ncia a se comunicar com fi\u00e9is e at\u00e9 indicou o advogado-geral da Uni\u00e3o, Jorge Messias \u2014 criado nas fileiras da Igreja Batista \u2014, para o Supremo Tribunal Federal. Os esfor\u00e7os foram em v\u00e3o. Depois de derrotar Jair\u00a0Bolsonaro, Lula se apresenta hoje, para essa fatia da popula\u00e7\u00e3o que corresponde a 27% do total, segundo o IBGE, em situa\u00e7\u00e3o pior do que h\u00e1 quatro anos. O petista tem apenas 21% das prefer\u00eancias dos evang\u00e9licos, segundo pesquisa Datafolha, 13 pontos a menos do que em 2022. J\u00e1 seu maior oponente, Fl\u00e1vio Bolsonaro (PL-RJ), re\u00fane 48% do apoio do grupo e teria chances de vit\u00f3ria no primeiro turno se o pleito dependesse apenas desses eleitores (<em>veja o infogr\u00e1fico<\/em>).<\/p>\n<figure id=\"attachment_6084021\" class=\"wp-block-image\"><a href=\"https:\/\/veja.abril.com.br\/wp-content\/uploads\/2026\/03\/54068991302_c492fc3b00_o.jpeg.jpg?quality=70&amp;strip=info\"><img fetchpriority=\"high\" decoding=\"async\" class=\"wp-image-6084021 aligncenter\" title=\"54068991302_c492fc3b00_o.jpeg\" src=\"https:\/\/veja.abril.com.br\/wp-content\/uploads\/2026\/03\/54068991302_c492fc3b00_o.jpeg.jpg?quality=70&amp;strip=info&amp;w=1024&amp;crop=1\" alt=\"ESQUERDA -\u2002Lula recebe b\u00ean\u00e7\u00e3o: diferen\u00e7as com o PT impedem aproxima\u00e7\u00e3o\" width=\"521\" height=\"293\" \/><\/a><figcaption class=\"wp-element-caption\">ESQUERDA -\u2002Lula recebe b\u00ean\u00e7\u00e3o: diferen\u00e7as com o PT impedem aproxima\u00e7\u00e3o\u00a0<em>(Ricardo Stuckert\/PR)<\/em><\/figcaption><\/figure>\n<p>A dificuldade entre os evang\u00e9licos \u00e9 um dos principais fatores a minar a popularidade de\u00a0Lula. As pesquisas qualitativas revelam que o desfile da Acad\u00eamicos de Niter\u00f3i, escola de samba que o homenageou e exibiu na avenida uma cr\u00edtica expl\u00edcita \u00e0 fam\u00edlia tradicional brasileira, na ala apelidada de \u201cneoconservadores em conserva\u201d, ainda reverbera na bolha religiosa. A coes\u00e3o de seus integrantes ajuda a explicar a rejei\u00e7\u00e3o: nenhum estrato da popula\u00e7\u00e3o se comporta de maneira t\u00e3o uniforme nas urnas como os evang\u00e9licos. \u201cApresentar-se como algu\u00e9m que vai defend\u00ea-los em Bras\u00edlia tem um apelo muito forte\u201d, diz Magali Cunha, pesquisadora do Instituto de Estudos da Religi\u00e3o (Iser). Apesar de reunir cerca de 500\u2009000 militantes que frequentam igrejas protestantes em suas fileiras, o PT agita bandeiras como igualdade de g\u00eanero e legaliza\u00e7\u00e3o das drogas e do aborto, que colidem com as ideias de costumes defendidas nos p\u00falpitos. Nas redes sociais, onde o caloroso debate \u00e9 travado, n\u00e3o raramente a coisa descamba para o preconceito. \u201c\u00c9 evidente o desrespeito que parte da esquerda nutre por essa popula\u00e7\u00e3o, como se evang\u00e9licos fossem cidad\u00e3os de segunda categoria, incapazes de pensar por contra pr\u00f3pria\u201d, reconhece Nilza Valeria Zacarias, coordenadora da Frente de Evang\u00e9licos pelo Estado de Direito, movimento de cunho progressista.<\/p>\n<figure id=\"attachment_6084020\" class=\"wp-block-image\"><a href=\"https:\/\/veja.abril.com.br\/wp-content\/uploads\/2026\/03\/31238921-high.jpg.jpg?quality=70&amp;strip=info\"><img decoding=\"async\" class=\"wp-image-6084020 aligncenter lazyload\" title=\"31238921-high.jpg\" data-src=\"https:\/\/veja.abril.com.br\/wp-content\/uploads\/2026\/03\/31238921-high.jpg.jpg?quality=70&amp;strip=info&amp;w=1024&amp;crop=1\" alt=\"DIREITA -\u2002Fl\u00e1vio em culto: se dependesse dos crentes, senador estava eleito\" width=\"509\" height=\"339\" src=\"data:image\/svg+xml;base64,PHN2ZyB3aWR0aD0iMSIgaGVpZ2h0PSIxIiB4bWxucz0iaHR0cDovL3d3dy53My5vcmcvMjAwMC9zdmciPjwvc3ZnPg==\" style=\"--smush-placeholder-width: 509px; --smush-placeholder-aspect-ratio: 509\/339;\" \/><\/a><figcaption class=\"wp-element-caption\">DIREITA -\u2002Fl\u00e1vio em culto: se dependesse dos crentes, senador estava eleito\u00a0<em>(Gabriela Bil\u00f3\/Folhapress\/.)<\/em><\/figcaption><\/figure>\n<p>O polarizado cen\u00e1rio tem feito os estrategistas de campanha de Lula apostarem na melhora dos indicadores econ\u00f4micos para abrir uma brecha no muro que separa vertentes ideol\u00f3gicas t\u00e3o apartadas. A maior parte dos evang\u00e9licos \u00e9 composta por mulheres, afrodescendentes e moradoras da periferia, p\u00fablico que costuma ser sens\u00edvel aos benef\u00edcios sociais implementados pelo governo. Para sensibilizar essa turma, o pleno emprego, a isen\u00e7\u00e3o do imposto de renda e o fim da escala 6\u00d71 \u2014 ainda em tramita\u00e7\u00e3o no Congresso \u2014 devem ser embalados em pe\u00e7as publicit\u00e1rias que ressaltem os ganhos para a fam\u00edlia. \u201cEstamos ampliando o di\u00e1logo com os segmentos religiosos, como um todo, e com aten\u00e7\u00e3o especial para os evang\u00e9licos\u201d, afirma Gutierres Barbosa, coordenador nacional do Setorial Inter-religioso do PT. Al\u00e9m de propagandear e tentar faturar em cima do aval presidencial ao Dia Nacional do Evang\u00e9lico e ao Dia Nacional da M\u00fasica Gospel, uma das principais apostas \u00e9 cultivar o canal aberto junto ao Minist\u00e9rio Madureira da Assembleia de Deus no Rio, a maior vertente da poderosa denomina\u00e7\u00e3o pentecostal. O presidente mant\u00e9m boa rela\u00e7\u00e3o com o bispo Manoel Ferreira e com seu filho Samuel, apesar de terem apoiado Bolsonaro em 2022. \u201cSe ficarem neutros e pararem de falar mal da gente j\u00e1 ajuda\u201d, diz um pastor pr\u00f3ximo do governo.<\/p>\n<p>Em posi\u00e7\u00e3o confort\u00e1vel e alheio aos movimentos do advers\u00e1rio, Fl\u00e1vio Bolsonaro trabalha para solidificar a larga vantagem. Assim que anunciou a pr\u00e9-candidatura, o senador participou de um culto na Comunidade das Na\u00e7\u00f5es, em Bras\u00edlia, e, dias depois, banhou-se nas \u00e1guas do Rio Jord\u00e3o, em Israel, onde foi batizado, em 2016. Aumentar os atos de f\u00e9 \u00e9 parte da estrat\u00e9gia que est\u00e1 sendo desenhada com ajuda do deputado S\u00f3stenes Cavalcante (PL-RJ), ligado a Vit\u00f3ria em Cristo, bra\u00e7o assembleiano comandado pelo influente pastor Silas Malafaia. Levado pela dupla que n\u00e3o se cansa de promover atos p\u00fablicos em apoio a Jair Bolsonaro, o filho Zero Um j\u00e1 teve conversas com o comando das igrejas do Evangelho Quadrangular, Universal, da Gra\u00e7a, Mundial do Poder de Deus, Batista e da Assembleia de Deus. O plano \u00e9 marcar encontros com uma centena de lideran\u00e7as que, juntas, arregimentam 80% dos fi\u00e9is. \u201cComo n\u00e3o h\u00e1 papa igual ao da Igreja Cat\u00f3lica, \u00e9 preciso seguir um protocolo de visitas\u201d, diz Cavalcante. Ao final, um grande encontro em Bras\u00edlia, ainda sem data para acontecer, deve coroar o apoio.<\/p>\n<figure id=\"attachment_6084019\" class=\"wp-block-image\"><a href=\"https:\/\/veja.abril.com.br\/wp-content\/uploads\/2026\/03\/x-Silas-Malafaia20260310_0907.jpg.jpg?quality=70&amp;strip=info\"><img decoding=\"async\" class=\"wp-image-6084019 aligncenter lazyload\" title=\"x-Silas-Malafaia20260310_0907.jpg\" data-src=\"https:\/\/veja.abril.com.br\/wp-content\/uploads\/2026\/03\/x-Silas-Malafaia20260310_0907.jpg.jpg?quality=70&amp;strip=info&amp;w=1024&amp;crop=1\" alt=\"NO BASTIDOR -\u2002Malafaia: articula\u00e7\u00e3o para atrair pastores para o bolsonarismo\" width=\"450\" height=\"563\" src=\"data:image\/svg+xml;base64,PHN2ZyB3aWR0aD0iMSIgaGVpZ2h0PSIxIiB4bWxucz0iaHR0cDovL3d3dy53My5vcmcvMjAwMC9zdmciPjwvc3ZnPg==\" style=\"--smush-placeholder-width: 450px; --smush-placeholder-aspect-ratio: 450\/563;\" \/><\/a><figcaption class=\"wp-element-caption\">NO BASTIDOR -\u2002Malafaia: articula\u00e7\u00e3o para atrair pastores para o bolsonarismo\u00a0<em>(@silasmalafaia\/Instagram)<\/em><\/figcaption><\/figure>\n<p>Rumo ao centro, o pr\u00e9-candidato do PL se preocupa tamb\u00e9m em corrigir alguns erros de trajet\u00f3ria cometidos pelo pai na derrota para Lula. Um dos principais desafios \u00e9 abandonar \u2014 ou pelo menos moderar \u2014 discursos que desagradam \u00e0s mulheres, como a libera\u00e7\u00e3o da venda de armas, traduzida visualmente no caracter\u00edstico gesto de esticar indicadores e polegares, t\u00e3o reproduzido pelo ex-presidente. A adora\u00e7\u00e3o pessoal \u00e0 figura de Bolsonaro e a recorrente evoca\u00e7\u00e3o de \u201cmito\u201d feita por seus correligion\u00e1rios s\u00e3o tamb\u00e9m fortemente desaconselhadas. \u201cDiversas lideran\u00e7as alertaram que n\u00e3o se pode exaltar ningu\u00e9m acima de Jesus Cristo. Isso traz um desgaste muito grande\u201d, confidencia uma fonte da bancada evang\u00e9lica. Tamb\u00e9m \u00e9 esperado que Michelle Bolsonaro, considerada um dos mais decisivos cabos eleitorais junto ao segmento, deixe as diverg\u00eancias familiares de lado e se integre \u00e0 campanha. Como no primeiro turno a ex-primeira dama estar\u00e1 envolvida na corrida ao Senado pelo Distrito Federal, Fernanda, a esposa de Fl\u00e1vio, \u00e9 quem deve ser escalada para atos de cunho religioso.<\/p>\n<figure id=\"attachment_6084018\" class=\"wp-block-image\"><a href=\"https:\/\/veja.abril.com.br\/wp-content\/uploads\/2026\/03\/54917090076_a2d6246c13_o.jpeg.jpg?quality=70&amp;strip=info\"><img decoding=\"async\" class=\"wp-image-6084018 aligncenter lazyload\" title=\"54917090076_a2d6246c13_o.jpeg\" data-src=\"https:\/\/veja.abril.com.br\/wp-content\/uploads\/2026\/03\/54917090076_a2d6246c13_o.jpeg.jpg?quality=70&amp;strip=info&amp;w=1024&amp;crop=1\" alt=\"BRECHA -\u2002Bispo Manoel Ferreira, da Assembleia de Deus: aceno ao lulismo\" width=\"467\" height=\"311\" src=\"data:image\/svg+xml;base64,PHN2ZyB3aWR0aD0iMSIgaGVpZ2h0PSIxIiB4bWxucz0iaHR0cDovL3d3dy53My5vcmcvMjAwMC9zdmciPjwvc3ZnPg==\" style=\"--smush-placeholder-width: 467px; --smush-placeholder-aspect-ratio: 467\/311;\" \/><\/a><figcaption class=\"wp-element-caption\">BRECHA -\u2002Bispo Manoel Ferreira, da Assembleia de Deus: aceno ao lulismo\u00a0<em>(Geraldo Magela\/Ag\u00eancia Senado)<\/em><\/figcaption><\/figure>\n<p>Um cap\u00edtulo \u00e0 parte dessa disputa deve se desenrolar no Congresso Nacional, em torno da sabatina de Jorge Messias para o\u00a0Supremo Tribunal Federal. O que era para ser um aceno ao eleitorado evang\u00e9lico virou uma encrenca de dif\u00edcil solu\u00e7\u00e3o para o governo. O advogado-geral da Uni\u00e3o vinha sendo um dos principais interlocutores do Planalto com lideran\u00e7as pol\u00edticas da numerosa Frente Parlamentar Evang\u00e9lica (FPE), especialmente para contornar a espinhosa agenda de costumes, mas passou a se dedicar \u00e0s articula\u00e7\u00f5es para passar pelo crivo dos senadores. Embora o aspirante \u00e0 toga ligue quase diariamente para os parlamentares com a inten\u00e7\u00e3o de reiterar seu compromisso com a bancada da B\u00edblia, ele j\u00e1 foi informado por interlocutores que o assunto esfriou diante da crise envolvendo ministros do STF e que a identifica\u00e7\u00e3o religiosa pode n\u00e3o ser suficiente para garantir sua aprova\u00e7\u00e3o. \u201cH\u00e1 um hist\u00f3rico de desconfian\u00e7a em rela\u00e7\u00e3o ao PT e a setores radicais da esquerda\u201d, diz o deputado Gilberto Nascimento (PSD-\u00adSP), presidente da FPE.<\/p>\n<p>Se no plano nacional o jogo parece mais definido, as disputas pelo voto evang\u00e9lico se mostram menos \u00f3bvias nos estados, especialmente os da Regi\u00e3o Norte, onde a presen\u00e7a de crentes \u00e9 maior que a m\u00e9dia nacional. No Rio de Janeiro, o terceiro maior col\u00e9gio eleitoral do pa\u00eds, eles est\u00e3o no centro do jogo de alian\u00e7as, j\u00e1 que correspondem a praticamente um ter\u00e7o do total de votantes. Ap\u00f3s anos dando apoio (expl\u00edcito ou nem tanto) a Eduardo Paes (PSD), Silas Malafaia rompeu com o prefeito da capital, favorito na corrida ao Pal\u00e1cio Guanabara. De nada adiantaram as juras de fidelidade do alcaide ao pastor \u2014 \u201cmexeu com Malafaia, mexeu comigo\u201d, chegou a dizer Paes durante um culto. No in\u00edcio do m\u00eas, o l\u00edder religioso anunciou que dar\u00e1 suporte a Douglas Ruas (PL), o candidato de Fl\u00e1vio Bolsonaro no ber\u00e7o pol\u00edtico do bolsonarismo. \u201cEu j\u00e1 tinha dito para o Eduardo: \u2018voc\u00ea tem capilaridade, n\u00e3o precisa estar de bra\u00e7os dados com Lula porque isso afasta a gente\u2019\u2009\u201d, conta Malafaia.<\/p>\n<div class=\"wp-block-image\">\n<figure class=\"aligncenter\"><a href=\"https:\/\/veja.abril.com.br\/wp-content\/uploads\/2026\/03\/arte-evangelicos-eleicao-iPhone.jpg?quality=70&amp;strip=info\"><img decoding=\"async\" class=\"wp-image-6084017 aligncenter lazyload\" title=\"arte-evang\u00e9licos-elei\u00e7\u00e3o-iPhone\" data-src=\"https:\/\/veja.abril.com.br\/wp-content\/uploads\/2026\/03\/arte-evangelicos-eleicao-iPhone.jpg?quality=70&amp;strip=info&amp;w=1024&amp;crop=1\" alt=\"arte evang\u00e9licos elei\u00e7\u00e3o\" src=\"data:image\/svg+xml;base64,PHN2ZyB3aWR0aD0iMSIgaGVpZ2h0PSIxIiB4bWxucz0iaHR0cDovL3d3dy53My5vcmcvMjAwMC9zdmciPjwvc3ZnPg==\" \/><\/a><\/figure>\n<\/div>\n<p>Foi uma contrarrea\u00e7\u00e3o calculada. Dias antes, Paes havia escalado a evang\u00e9lica Jane Reis, irm\u00e3 do ex-prefeito de Duque de Caxias, Washington Reis, para compor sua chapa na condi\u00e7\u00e3o de vice. Casada com um pastor da Assembleia de Deus, ela integra o cl\u00e3 que apoia incondicionalmente a fam\u00edlia Bolsonaro desde 2018. A coordena\u00e7\u00e3o da campanha da dupla junto \u00e0s igrejas ficar\u00e1 por conta de Otoni de Paula (MDB-RJ), deputado federal e pastor na mesma denomina\u00e7\u00e3o. Ex-\u00adbolsonarista, ele tem sido um dos mais vocais cr\u00edticos ao ex-presidente, a quem passou a se referir como \u201cbezerro de ouro\u201d, em alus\u00e3o \u00e0 passagem b\u00edblica em que os crist\u00e3os adoram um falso Deus. Diante da uni\u00e3o de correntes pol\u00edticas t\u00e3o incompat\u00edveis em torno da figura de Paes, o deputado apresenta um ins\u00f3lito argumento: \u201cPara quem \u00e9 da igreja, ele \u00e9 de direita e apoia a candidatura de Ratinho Junior (PSD). No mundo do Carnaval, entre as religi\u00f5es de matriz africana, ele \u00e9 Lula e de esquerda\u201d. Quando pol\u00edtica e religi\u00e3o se misturam, nem sempre as diferen\u00e7as ideol\u00f3gicas ficam em primeiro plano. Resta saber se o eleitor vai botar f\u00e9 em qualquer movimento para conquist\u00e1-lo.<\/p>\n<p>&nbsp;<\/p>\n<p>Veja<\/p>\n","protected":false},"excerpt":{"rendered":"<p>Desde que retornou ao Pal\u00e1cio do Planalto, Lula tentou de diversas formas se aproximar dos evang\u00e9licos, o segmento do eleitorado que mais exerce resist\u00eancia \u00e0&hellip; <\/p>\n","protected":false},"author":6,"featured_media":311279,"comment_status":"closed","ping_status":"closed","sticky":false,"template":"","format":"standard","meta":{"sfsi_plus_gutenberg_text_before_share":"","sfsi_plus_gutenberg_show_text_before_share":"","sfsi_plus_gutenberg_icon_type":"","sfsi_plus_gutenberg_icon_alignemt":"","sfsi_plus_gutenburg_max_per_row":"","footnotes":""},"categories":[123,50,2,11],"tags":[],"class_list":["post-311277","post","type-post","status-publish","format-standard","has-post-thumbnail","hentry","category-brasil","category-destaque","category-geral","category-politica"],"_links":{"self":[{"href":"https:\/\/www.caririemacao.com\/1\/wp-json\/wp\/v2\/posts\/311277","targetHints":{"allow":["GET"]}}],"collection":[{"href":"https:\/\/www.caririemacao.com\/1\/wp-json\/wp\/v2\/posts"}],"about":[{"href":"https:\/\/www.caririemacao.com\/1\/wp-json\/wp\/v2\/types\/post"}],"author":[{"embeddable":true,"href":"https:\/\/www.caririemacao.com\/1\/wp-json\/wp\/v2\/users\/6"}],"replies":[{"embeddable":true,"href":"https:\/\/www.caririemacao.com\/1\/wp-json\/wp\/v2\/comments?post=311277"}],"version-history":[{"count":1,"href":"https:\/\/www.caririemacao.com\/1\/wp-json\/wp\/v2\/posts\/311277\/revisions"}],"predecessor-version":[{"id":311280,"href":"https:\/\/www.caririemacao.com\/1\/wp-json\/wp\/v2\/posts\/311277\/revisions\/311280"}],"wp:featuredmedia":[{"embeddable":true,"href":"https:\/\/www.caririemacao.com\/1\/wp-json\/wp\/v2\/media\/311279"}],"wp:attachment":[{"href":"https:\/\/www.caririemacao.com\/1\/wp-json\/wp\/v2\/media?parent=311277"}],"wp:term":[{"taxonomy":"category","embeddable":true,"href":"https:\/\/www.caririemacao.com\/1\/wp-json\/wp\/v2\/categories?post=311277"},{"taxonomy":"post_tag","embeddable":true,"href":"https:\/\/www.caririemacao.com\/1\/wp-json\/wp\/v2\/tags?post=311277"}],"curies":[{"name":"wp","href":"https:\/\/api.w.org\/{rel}","templated":true}]}}