{"id":311282,"date":"2026-03-15T18:54:22","date_gmt":"2026-03-15T21:54:22","guid":{"rendered":"https:\/\/www.caririemacao.com\/1\/?p=311282"},"modified":"2026-03-15T18:54:22","modified_gmt":"2026-03-15T21:54:22","slug":"homem-e-morto-a-tiros-em-sertania-apos-discussao-por-som-alto-suspeito-se-entrega-a-prf","status":"publish","type":"post","link":"https:\/\/www.caririemacao.com\/1\/2026\/03\/15\/homem-e-morto-a-tiros-em-sertania-apos-discussao-por-som-alto-suspeito-se-entrega-a-prf\/","title":{"rendered":"Homem \u00e9 morto a tiros em Sert\u00e2nia ap\u00f3s discuss\u00e3o por som alto; suspeito se entrega \u00e0 PRF"},"content":{"rendered":"<p>Um homem identificado como Ad\u00e3o Silva, conhecido como \u201cD\u00e3o da \u00c1gua\u201d, foi assassinado a tiros na tarde deste domingo (15), no munic\u00edpio de Sert\u00e2nia, no Sert\u00e3o de Pernambuco.<\/p>\n<p>De acordo com informa\u00e7\u00f5es preliminares, o principal suspeito do crime \u00e9 Nelson Aleixo de Ara\u00fajo, conhecido como Nelson do Cons\u00f3rcio. Segundo relatos, ele teria invadido a resid\u00eancia da v\u00edtima e efetuado cerca de quatro disparos de arma de fogo.<\/p>\n<p>Ainda conforme as primeiras informa\u00e7\u00f5es, a motiva\u00e7\u00e3o do crime teria sido uma discuss\u00e3o relacionada ao volume alto de um som. As informa\u00e7\u00f5es iniciais foram divulgadas pelo site da Itapuama FM.<\/p>\n<p>D\u00e3o da \u00c1gua e o suspeito seriam parentes, apontados como primos.<\/p>\n<p>Ap\u00f3s o crime, Nelson do Cons\u00f3rcio teria se apresentado \u00e0 Pol\u00edcia Rodovi\u00e1ria Federal (PRF) no distrito de Cruzeiro do Nordeste. Testemunhas relataram que ele chegou ao local bastante alterado e decidiu se entregar \u00e0s autoridades.<\/p>\n<p>O suspeito j\u00e1 havia sido apontado anteriormente como autor da tentativa de assassinato contra o ex-prefeito de Sert\u00e2nia, \u00c2ngelo Ferreira, em 2024.<\/p>\n<p>O caso dever\u00e1 ser investigado pela Pol\u00edcia Civil, que ir\u00e1 apurar as circunst\u00e2ncias e a motiva\u00e7\u00e3o do homic\u00eddio.<\/p>\n<p>&nbsp;<\/p>\n<p><strong>CARIRI EM A\u00c7\u00c3O<\/strong><\/p>\n","protected":false},"excerpt":{"rendered":"<p>Um homem identificado como Ad\u00e3o Silva, conhecido como \u201cD\u00e3o da \u00c1gua\u201d, foi assassinado a tiros na tarde deste domingo (15), no munic\u00edpio de Sert\u00e2nia, no&hellip; <\/p>\n","protected":false},"author":6,"featured_media":295113,"comment_status":"closed","ping_status":"closed","sticky":false,"template":"","format":"standard","meta":{"sfsi_plus_gutenberg_text_before_share":"","sfsi_plus_gutenberg_show_text_before_share":"","sfsi_plus_gutenberg_icon_type":"","sfsi_plus_gutenberg_icon_alignemt":"","sfsi_plus_gutenburg_max_per_row":"","footnotes":""},"categories":[50,2,12,94],"tags":[],"class_list":["post-311282","post","type-post","status-publish","format-standard","has-post-thumbnail","hentry","category-destaque","category-geral","category-policia","category-sertania"],"_links":{"self":[{"href":"https:\/\/www.caririemacao.com\/1\/wp-json\/wp\/v2\/posts\/311282","targetHints":{"allow":["GET"]}}],"collection":[{"href":"https:\/\/www.caririemacao.com\/1\/wp-json\/wp\/v2\/posts"}],"about":[{"href":"https:\/\/www.caririemacao.com\/1\/wp-json\/wp\/v2\/types\/post"}],"author":[{"embeddable":true,"href":"https:\/\/www.caririemacao.com\/1\/wp-json\/wp\/v2\/users\/6"}],"replies":[{"embeddable":true,"href":"https:\/\/www.caririemacao.com\/1\/wp-json\/wp\/v2\/comments?post=311282"}],"version-history":[{"count":1,"href":"https:\/\/www.caririemacao.com\/1\/wp-json\/wp\/v2\/posts\/311282\/revisions"}],"predecessor-version":[{"id":311283,"href":"https:\/\/www.caririemacao.com\/1\/wp-json\/wp\/v2\/posts\/311282\/revisions\/311283"}],"wp:featuredmedia":[{"embeddable":true,"href":"https:\/\/www.caririemacao.com\/1\/wp-json\/wp\/v2\/media\/295113"}],"wp:attachment":[{"href":"https:\/\/www.caririemacao.com\/1\/wp-json\/wp\/v2\/media?parent=311282"}],"wp:term":[{"taxonomy":"category","embeddable":true,"href":"https:\/\/www.caririemacao.com\/1\/wp-json\/wp\/v2\/categories?post=311282"},{"taxonomy":"post_tag","embeddable":true,"href":"https:\/\/www.caririemacao.com\/1\/wp-json\/wp\/v2\/tags?post=311282"}],"curies":[{"name":"wp","href":"https:\/\/api.w.org\/{rel}","templated":true}]}}