{"id":311284,"date":"2026-03-15T18:57:57","date_gmt":"2026-03-15T21:57:57","guid":{"rendered":"https:\/\/www.caririemacao.com\/1\/?p=311284"},"modified":"2026-03-15T18:57:57","modified_gmt":"2026-03-15T21:57:57","slug":"se-habermas-olhasse-para-o-brasil-por-inacio-feitosa","status":"publish","type":"post","link":"https:\/\/www.caririemacao.com\/1\/2026\/03\/15\/se-habermas-olhasse-para-o-brasil-por-inacio-feitosa\/","title":{"rendered":"Se Habermas olhasse para o Brasil \u2013 Por In\u00e1cio Feitosa"},"content":{"rendered":"<p>A morte do fil\u00f3sofo alem\u00e3o J\u00fcrgen Habermas, aos 96 anos, encerra a trajet\u00f3ria de um dos maiores pensadores da democracia contempor\u00e2nea. Poucos intelectuais refletiram com tanta profundidade sobre uma quest\u00e3o aparentemente simples: como as sociedades discutem seus pr\u00f3prios problemas e constroem legitimidade pol\u00edtica.<\/p>\n<p>Habermas acreditava que a democracia n\u00e3o se sustenta apenas em elei\u00e7\u00f5es, partidos ou institui\u00e7\u00f5es formais. Para ele, o verdadeiro fundamento da vida democr\u00e1tica est\u00e1 naquilo que chamou de esfera p\u00fablica \u2014 o espa\u00e7o em que cidad\u00e3os, imprensa, intelectuais e lideran\u00e7as debatem ideias, confrontam argumentos e buscam consensos poss\u00edveis sobre os rumos da sociedade.<\/p>\n<p>Dito de forma direta: democracias dependem da qualidade do di\u00e1logo p\u00fablico.<\/p>\n<p>Se Habermas observasse o Brasil neste momento, provavelmente veria um cen\u00e1rio paradoxal. Temos institui\u00e7\u00f5es funcionando, elei\u00e7\u00f5es regulares e enorme circula\u00e7\u00e3o de informa\u00e7\u00f5es. Ao mesmo tempo, o debate p\u00fablico parece frequentemente substitu\u00eddo por disputas narrativas, estrat\u00e9gias de bastidor e c\u00e1lculos pol\u00edticos.<\/p>\n<p>Nos \u00faltimos dias, Bras\u00edlia voltou a viver esse ambiente de tens\u00e3o. As investiga\u00e7\u00f5es envolvendo o empres\u00e1rio Daniel Vorcaro, ligado ao Banco Master, reacenderam especula\u00e7\u00f5es no meio pol\u00edtico. A mudan\u00e7a em sua equipe de defesa foi suficiente para gerar rumores sobre poss\u00edveis desdobramentos judiciais e eventuais repercuss\u00f5es no campo pol\u00edtico.<\/p>\n<p>Mais do que os fatos espec\u00edficos do caso, o epis\u00f3dio revela um tra\u00e7o recorrente da pol\u00edtica brasileira: muito do que \u00e9 decisivo ocorre longe do debate p\u00fablico. Nos bastidores, avaliam-se riscos, impactos e conveni\u00eancias. Na esfera p\u00fablica, chegam apenas fragmentos dessas discuss\u00f5es.<\/p>\n<p>O pr\u00f3prio Congresso Nacional parece refletir esse ambiente de cautela. A proposta de cria\u00e7\u00e3o de uma Comiss\u00e3o Parlamentar Mista de Inqu\u00e9rito para investigar o caso encontrou resist\u00eancia pol\u00edtica e n\u00e3o avan\u00e7ou. Oficialmente, defende-se prud\u00eancia institucional. Na pr\u00e1tica, muitos temem que investiga\u00e7\u00f5es desse tipo possam atingir diferentes grupos pol\u00edticos.<\/p>\n<p>Nada disso \u00e9 exclusivo do Brasil. Democracias ao redor do mundo convivem com tens\u00f5es entre transpar\u00eancia, estabilidade institucional e disputa pol\u00edtica. Ainda assim, Habermas insistiria em um ponto fundamental: quando o debate p\u00fablico perde for\u00e7a, a legitimidade da pol\u00edtica tamb\u00e9m se enfraquece.<\/p>\n<p>Enquanto Bras\u00edlia administra suas cautelas, o cen\u00e1rio pol\u00edtico regional come\u00e7a a se reorganizar. Em Pernambuco, as conversas sobre poss\u00edveis alian\u00e7as eleitorais ganham espa\u00e7o. A eventual aproxima\u00e7\u00e3o entre a governadora Raquel Lyra e a ex-deputada Mar\u00edlia Arraes surge como uma hip\u00f3tese que poderia fortalecer a presen\u00e7a feminina na pol\u00edtica estadual.<\/p>\n<p>A pol\u00edtica democr\u00e1tica \u00e9 feita de alian\u00e7as, negocia\u00e7\u00f5es e rearranjos. Isso \u00e9 natural. O problema surge quando essas articula\u00e7\u00f5es passam a ser apenas movimentos estrat\u00e9gicos, desconectados de projetos claros para a sociedade.<\/p>\n<p>Habermas defendia que a pol\u00edtica n\u00e3o deve ser apenas uma disputa por posi\u00e7\u00f5es de poder, mas tamb\u00e9m um processo permanente de delibera\u00e7\u00e3o p\u00fablica. Em outras palavras, governos e lideran\u00e7as precisam n\u00e3o apenas decidir, mas tamb\u00e9m explicar, argumentar e convencer.<\/p>\n<p>Talvez seja justamente esse o maior desafio das democracias contempor\u00e2neas. Vivemos em uma \u00e9poca de informa\u00e7\u00e3o abundante, mas de di\u00e1logo escasso. Redes sociais ampliaram vozes, mas tamb\u00e9m intensificaram polariza\u00e7\u00f5es. A esfera p\u00fablica tornou-se mais ruidosa, sem necessariamente se tornar mais racional.<\/p>\n<p>A morte de Habermas, portanto, n\u00e3o \u00e9 apenas a despedida de um grande fil\u00f3sofo. \u00c9 tamb\u00e9m um convite \u00e0 reflex\u00e3o sobre o estado atual da democracia.<\/p>\n<p>O Brasil continuar\u00e1 tendo elei\u00e7\u00f5es, partidos e disputas pol\u00edticas. Isso faz parte do jogo democr\u00e1tico. Mas a qualidade dessa democracia depender\u00e1, cada vez mais, de algo menos vis\u00edvel e mais dif\u00edcil: a capacidade de debater seriamente o futuro do pa\u00eds.<\/p>\n<p>Habermas acreditava que a for\u00e7a das democracias est\u00e1 no di\u00e1logo racional entre cidad\u00e3os livres.<\/p>\n<p>Pode parecer uma ideia simples.<\/p>\n<p>Mas, olhando para o mundo de hoje, talvez seja uma das tarefas mais dif\u00edceis \u2014 e mais necess\u00e1rias \u2014 do nosso tempo.<\/p>\n<p>In\u00e1cio Feitosa\/ Advogado, mestre em Educa\u00e7\u00e3o pela Universidade Federal de Pernambuco (UFPE) e empreendedor na \u00e1rea educacional. Autor de livros sobre educa\u00e7\u00e3o, direito e empreendedorismo. Fundador do Instituto IGEDUC.<\/p>\n","protected":false},"excerpt":{"rendered":"<p>A morte do fil\u00f3sofo alem\u00e3o J\u00fcrgen Habermas, aos 96 anos, encerra a trajet\u00f3ria de um dos maiores pensadores da democracia contempor\u00e2nea. Poucos intelectuais refletiram com&hellip; <\/p>\n","protected":false},"author":6,"featured_media":311285,"comment_status":"closed","ping_status":"closed","sticky":false,"template":"","format":"standard","meta":{"sfsi_plus_gutenberg_text_before_share":"","sfsi_plus_gutenberg_show_text_before_share":"","sfsi_plus_gutenberg_icon_type":"","sfsi_plus_gutenberg_icon_alignemt":"","sfsi_plus_gutenburg_max_per_row":"","footnotes":""},"categories":[50,2],"tags":[],"class_list":["post-311284","post","type-post","status-publish","format-standard","has-post-thumbnail","hentry","category-destaque","category-geral"],"_links":{"self":[{"href":"https:\/\/www.caririemacao.com\/1\/wp-json\/wp\/v2\/posts\/311284","targetHints":{"allow":["GET"]}}],"collection":[{"href":"https:\/\/www.caririemacao.com\/1\/wp-json\/wp\/v2\/posts"}],"about":[{"href":"https:\/\/www.caririemacao.com\/1\/wp-json\/wp\/v2\/types\/post"}],"author":[{"embeddable":true,"href":"https:\/\/www.caririemacao.com\/1\/wp-json\/wp\/v2\/users\/6"}],"replies":[{"embeddable":true,"href":"https:\/\/www.caririemacao.com\/1\/wp-json\/wp\/v2\/comments?post=311284"}],"version-history":[{"count":1,"href":"https:\/\/www.caririemacao.com\/1\/wp-json\/wp\/v2\/posts\/311284\/revisions"}],"predecessor-version":[{"id":311286,"href":"https:\/\/www.caririemacao.com\/1\/wp-json\/wp\/v2\/posts\/311284\/revisions\/311286"}],"wp:featuredmedia":[{"embeddable":true,"href":"https:\/\/www.caririemacao.com\/1\/wp-json\/wp\/v2\/media\/311285"}],"wp:attachment":[{"href":"https:\/\/www.caririemacao.com\/1\/wp-json\/wp\/v2\/media?parent=311284"}],"wp:term":[{"taxonomy":"category","embeddable":true,"href":"https:\/\/www.caririemacao.com\/1\/wp-json\/wp\/v2\/categories?post=311284"},{"taxonomy":"post_tag","embeddable":true,"href":"https:\/\/www.caririemacao.com\/1\/wp-json\/wp\/v2\/tags?post=311284"}],"curies":[{"name":"wp","href":"https:\/\/api.w.org\/{rel}","templated":true}]}}