{"id":311291,"date":"2026-03-16T08:32:50","date_gmt":"2026-03-16T11:32:50","guid":{"rendered":"https:\/\/www.caririemacao.com\/1\/?p=311291"},"modified":"2026-03-16T08:32:50","modified_gmt":"2026-03-16T11:32:50","slug":"oscar-2026-o-agente-secreto-encerra-campanha-sem-premios","status":"publish","type":"post","link":"https:\/\/www.caririemacao.com\/1\/2026\/03\/16\/oscar-2026-o-agente-secreto-encerra-campanha-sem-premios\/","title":{"rendered":"Oscar 2026: O Agente Secreto encerra campanha sem pr\u00eamios"},"content":{"rendered":"<div class=\"header-noticia full-width\">\n<div class=\"linha-fina-noticia\" style=\"text-align: center;\"><em><strong>Filme concorria em quatro categorias<\/strong><\/em><\/div>\n<\/div>\n<div class=\"container-autoria\" style=\"text-align: center;\"><\/div>\n<div>\n<p>Apesar da\u00a0enorme expectativa\u00a0e de uma campanha internacional aclamada, o filme brasileiro\u00a0<em>O Agente Secreto<\/em> encerrou sua participa\u00e7\u00e3o na cerim\u00f4nia do Oscar 2026, na noite de ontem domingo (15), sem estatuetas. <img decoding=\"async\" data-src=\"https:\/\/agenciabrasil.ebc.com.br\/ebc.png?id=1682004&amp;o=node\" src=\"data:image\/svg+xml;base64,PHN2ZyB3aWR0aD0iMSIgaGVpZ2h0PSIxIiB4bWxucz0iaHR0cDovL3d3dy53My5vcmcvMjAwMC9zdmciPjwvc3ZnPg==\" class=\"lazyload\" \/><img decoding=\"async\" data-src=\"https:\/\/agenciabrasil.ebc.com.br\/ebc.gif?id=1682004&amp;o=node\" src=\"data:image\/svg+xml;base64,PHN2ZyB3aWR0aD0iMSIgaGVpZ2h0PSIxIiB4bWxucz0iaHR0cDovL3d3dy53My5vcmcvMjAwMC9zdmciPjwvc3ZnPg==\" class=\"lazyload\" \/><\/p>\n<p>O longa dirigido por Kleber Mendon\u00e7a Filho concorria em quatro categorias: Melhor Filme, Melhor Filme Internacional, Melhor Ator (Wagner Moura) e Melhor Dire\u00e7\u00e3o de Elenco (categoria que estreou nesta edi\u00e7\u00e3o).<\/p>\n<p>Na categoria Melhor Filme Internacional, o representante brasileiro foi superado pelo noruegu\u00eas\u00a0<em>Valor Sentimental<\/em>, dirigido por Joachim Trier.<\/p>\n<p>Na categoria de Melhor Ator, Wagner Moura, que foi ovacionado pela cr\u00edtica por seu papel como professor Marcelo, viu a estatueta ir para as m\u00e3os de Michael B. Jordan, pelo terror g\u00f3tico\u00a0<em>Pecadores<\/em>, de Ryan Coogler.<\/p>\n<p>J\u00e1 em Melhor Dire\u00e7\u00e3o de Elenco, o trof\u00e9u ficou com\u00a0<em>Uma Batalha Ap\u00f3s a Outra<\/em>, de Paul Thomas Anderson, que tamb\u00e9m levou o pr\u00eamio principal de Melhor Filme.<\/p>\n<p>Antes da cerim\u00f4nia do Oscar,\u00a0<em>O Agente Secreto<\/em>\u00a0j\u00e1 havia consolidado sua relev\u00e2ncia internacional no Globo de Ouro. A\u00a0produ\u00e7\u00e3o brasileira venceu na categoria de Melhor Filme em L\u00edngua Estrangeira, enquanto Wagner Moura\u00a0conquistou o trof\u00e9u de Melhor Ator em Filme de Drama.<\/p>\n<p>FONTE: Ag\u00eancia Brasil<\/p>\n<\/div>\n","protected":false},"excerpt":{"rendered":"<p>Filme concorria em quatro categorias Apesar da\u00a0enorme expectativa\u00a0e de uma campanha internacional aclamada, o filme brasileiro\u00a0O Agente Secreto encerrou sua participa\u00e7\u00e3o na cerim\u00f4nia do Oscar&hellip; <\/p>\n","protected":false},"author":6,"featured_media":311292,"comment_status":"closed","ping_status":"closed","sticky":false,"template":"","format":"standard","meta":{"sfsi_plus_gutenberg_text_before_share":"","sfsi_plus_gutenberg_show_text_before_share":"","sfsi_plus_gutenberg_icon_type":"","sfsi_plus_gutenberg_icon_alignemt":"","sfsi_plus_gutenburg_max_per_row":"","footnotes":""},"categories":[50,2,171],"tags":[],"class_list":["post-311291","post","type-post","status-publish","format-standard","has-post-thumbnail","hentry","category-destaque","category-geral","category-voce-sabia"],"_links":{"self":[{"href":"https:\/\/www.caririemacao.com\/1\/wp-json\/wp\/v2\/posts\/311291","targetHints":{"allow":["GET"]}}],"collection":[{"href":"https:\/\/www.caririemacao.com\/1\/wp-json\/wp\/v2\/posts"}],"about":[{"href":"https:\/\/www.caririemacao.com\/1\/wp-json\/wp\/v2\/types\/post"}],"author":[{"embeddable":true,"href":"https:\/\/www.caririemacao.com\/1\/wp-json\/wp\/v2\/users\/6"}],"replies":[{"embeddable":true,"href":"https:\/\/www.caririemacao.com\/1\/wp-json\/wp\/v2\/comments?post=311291"}],"version-history":[{"count":1,"href":"https:\/\/www.caririemacao.com\/1\/wp-json\/wp\/v2\/posts\/311291\/revisions"}],"predecessor-version":[{"id":311293,"href":"https:\/\/www.caririemacao.com\/1\/wp-json\/wp\/v2\/posts\/311291\/revisions\/311293"}],"wp:featuredmedia":[{"embeddable":true,"href":"https:\/\/www.caririemacao.com\/1\/wp-json\/wp\/v2\/media\/311292"}],"wp:attachment":[{"href":"https:\/\/www.caririemacao.com\/1\/wp-json\/wp\/v2\/media?parent=311291"}],"wp:term":[{"taxonomy":"category","embeddable":true,"href":"https:\/\/www.caririemacao.com\/1\/wp-json\/wp\/v2\/categories?post=311291"},{"taxonomy":"post_tag","embeddable":true,"href":"https:\/\/www.caririemacao.com\/1\/wp-json\/wp\/v2\/tags?post=311291"}],"curies":[{"name":"wp","href":"https:\/\/api.w.org\/{rel}","templated":true}]}}