{"id":311297,"date":"2026-03-16T08:37:19","date_gmt":"2026-03-16T11:37:19","guid":{"rendered":"https:\/\/www.caririemacao.com\/1\/?p=311297"},"modified":"2026-03-16T08:37:19","modified_gmt":"2026-03-16T11:37:19","slug":"bolsonaro-tem-melhora-na-funcao-renal-mas-nivel-de-inflamacao-aumenta-novamente","status":"publish","type":"post","link":"https:\/\/www.caririemacao.com\/1\/2026\/03\/16\/bolsonaro-tem-melhora-na-funcao-renal-mas-nivel-de-inflamacao-aumenta-novamente\/","title":{"rendered":"Bolsonaro tem melhora na fun\u00e7\u00e3o renal, mas n\u00edvel de inflama\u00e7\u00e3o aumenta novamente"},"content":{"rendered":"<div class=\"subtitulo mb-3\"><em><strong>Boletim divulgado na manh\u00e3 de ontem domingo (15) detalha quadro de sa\u00fade do ex-presidente, internado na UTI do hospital DF Star<\/strong><\/em><\/div>\n<div><\/div>\n<div>\n<p class=\"wp-block-paragraph\">O hospital particular DF Star, em Bras\u00edlia, divulgou atualiza\u00e7\u00e3o sobre o quadro do ex-presidente\u00a0Jair Bolsonaro (PL),\u00a0internado na unidade de sa\u00fade desde sexta-feira (13). O documento, divulgado por antes das 11h, detalha que o paciente teve\u00a0ligeira melhora e permanece est\u00e1vel.<\/p>\n<p class=\"wp-block-paragraph\">O ex-presidente continua internado na UTI (unidade de terapia intensiva), sem previs\u00e3o de alta, em tratamento de uma\u00a0pneumonia bacteriana nos dois pulm\u00f5es, decorrente de\u00a0broncoaspira\u00e7\u00e3o. Ele segue\u00a0sem previs\u00e3o de receber alta hospitalar.<\/p>\n<p class=\"wp-block-paragraph\">A\u00a0fun\u00e7\u00e3o renal de Jair Bolsonaro apresentou progresso. No entanto, uma nova eleva\u00e7\u00e3o dos n\u00edveis de inflama\u00e7\u00e3o no organismo \u2014 detectados por meio de exame de sangue \u2014 exigiram a\u00a0amplia\u00e7\u00e3o do uso de antibi\u00f3ticos. A equipe de sa\u00fade tamb\u00e9m vai intensificar o suporte cl\u00ednico, bem como as fisioterapias respirat\u00f3ria e motora.<\/p>\n<p class=\"wp-block-paragraph\">A nota com os detalhes sobre a sa\u00fade do paciente \u00e9 assinada pelo cirurgi\u00e3o-geral Claudio Birolini; pelos cardiologistas Leandro Echenique e Brasil Caiado; pelo coordenador da UTI Geral do DF Star, Ant\u00f4nio Aur\u00e9lio de Paiva Fagundes Jr.; e pelo diretor-geral da unidade de sa\u00fade, Allisson B. Barcelos Borges.<\/p>\n<p class=\"wp-block-paragraph\">O boletim de sa\u00fade anterior, divulgado na manh\u00e3 de s\u00e1bado (14), comunicou que o ex-presidente apresentava\u00a0piora no funcionamento dos rins\u00a0e \u201cmarcadores inflamat\u00f3rios elevados\u201d. Na mesma data, o senador\u00a0Fl\u00e1vio Bolsonaro (PL-RJ), filho do paciente, visitou o pai e, ao sair do hospital, declarou que os advogados de Jair v\u00e3o\u00a0pedir novamente a transfer\u00eancia dele para a pris\u00e3o domiciliar.<\/p>\n<p class=\"wp-block-paragraph\">Bolsonaro est\u00e1 preso no 19\u00ba BPM (Batalh\u00e3o de Pol\u00edcia Militar) do Distrito Federal, a Papudinha, desde 22 de novembro de 2025.\u00a0O espa\u00e7o tem 64,82 m\u00b2 de \u00e1rea total; infraestrutura privativa; banheiro com chuveiro e \u00e1gua quente; cozinha com geladeira; arm\u00e1rios; lavanderia; quarto com cama de casal; televis\u00e3o; \u00e1rea externa para banho de sol e pr\u00e1tica de exerc\u00edcios f\u00edsicos; al\u00e9m de\u00a0cinco refei\u00e7\u00f5es di\u00e1rias e\u00a0m\u00e9dico plantonista 24 horas por dia.<\/p>\n<p class=\"wp-block-paragraph\">Os profissionais que atendem o ex-presidente no DF Star consideram, inicialmente, que ele deva ficar no hospital\u00a0por um per\u00edodo de sete a 14 dias. A equipe informou, ainda, que\u00a0existe risco real de morte\u00a0e que o caso exige acompanhamento intensivo.<\/p>\n<p>FONTE: Portal Correio<\/p>\n<\/div>\n","protected":false},"excerpt":{"rendered":"<p>Boletim divulgado na manh\u00e3 de ontem domingo (15) detalha quadro de sa\u00fade do ex-presidente, internado na UTI do hospital DF Star O hospital particular DF&hellip; <\/p>\n","protected":false},"author":6,"featured_media":311298,"comment_status":"closed","ping_status":"closed","sticky":false,"template":"","format":"standard","meta":{"sfsi_plus_gutenberg_text_before_share":"","sfsi_plus_gutenberg_show_text_before_share":"","sfsi_plus_gutenberg_icon_type":"","sfsi_plus_gutenberg_icon_alignemt":"","sfsi_plus_gutenburg_max_per_row":"","footnotes":""},"categories":[50,11,16],"tags":[],"class_list":["post-311297","post","type-post","status-publish","format-standard","has-post-thumbnail","hentry","category-destaque","category-politica","category-saude"],"_links":{"self":[{"href":"https:\/\/www.caririemacao.com\/1\/wp-json\/wp\/v2\/posts\/311297","targetHints":{"allow":["GET"]}}],"collection":[{"href":"https:\/\/www.caririemacao.com\/1\/wp-json\/wp\/v2\/posts"}],"about":[{"href":"https:\/\/www.caririemacao.com\/1\/wp-json\/wp\/v2\/types\/post"}],"author":[{"embeddable":true,"href":"https:\/\/www.caririemacao.com\/1\/wp-json\/wp\/v2\/users\/6"}],"replies":[{"embeddable":true,"href":"https:\/\/www.caririemacao.com\/1\/wp-json\/wp\/v2\/comments?post=311297"}],"version-history":[{"count":1,"href":"https:\/\/www.caririemacao.com\/1\/wp-json\/wp\/v2\/posts\/311297\/revisions"}],"predecessor-version":[{"id":311299,"href":"https:\/\/www.caririemacao.com\/1\/wp-json\/wp\/v2\/posts\/311297\/revisions\/311299"}],"wp:featuredmedia":[{"embeddable":true,"href":"https:\/\/www.caririemacao.com\/1\/wp-json\/wp\/v2\/media\/311298"}],"wp:attachment":[{"href":"https:\/\/www.caririemacao.com\/1\/wp-json\/wp\/v2\/media?parent=311297"}],"wp:term":[{"taxonomy":"category","embeddable":true,"href":"https:\/\/www.caririemacao.com\/1\/wp-json\/wp\/v2\/categories?post=311297"},{"taxonomy":"post_tag","embeddable":true,"href":"https:\/\/www.caririemacao.com\/1\/wp-json\/wp\/v2\/tags?post=311297"}],"curies":[{"name":"wp","href":"https:\/\/api.w.org\/{rel}","templated":true}]}}