{"id":311300,"date":"2026-03-16T08:42:45","date_gmt":"2026-03-16T11:42:45","guid":{"rendered":"https:\/\/www.caririemacao.com\/1\/?p=311300"},"modified":"2026-03-16T08:42:45","modified_gmt":"2026-03-16T11:42:45","slug":"eduardo-bolsonaro-e-citado-pela-pf-e-tem-15-dias-para-se-defender-de-processo-por-abandono-de-cargo","status":"publish","type":"post","link":"https:\/\/www.caririemacao.com\/1\/2026\/03\/16\/eduardo-bolsonaro-e-citado-pela-pf-e-tem-15-dias-para-se-defender-de-processo-por-abandono-de-cargo\/","title":{"rendered":"Eduardo Bolsonaro \u00e9 citado pela PF e tem 15 dias para se defender de processo por abandono de cargo"},"content":{"rendered":"<div class=\"row content-head mc-column non-featured \">\n<div class=\"medium-centered subtitle\">\n<p class=\"content-head__subtitle\"><em><strong>Deputado \u00e9 alvo de processo administrativo na Pol\u00edcia Federal. Processo pode levar \u00e0 demiss\u00e3o do cargo de escriv\u00e3o da corpora\u00e7\u00e3o. Ele est\u00e1 afastado das fun\u00e7\u00f5es desde fevereiro.<\/strong><\/em><\/p>\n<\/div>\n<\/div>\n<div class=\"content__signa-share mc-column\">\n<div class=\"content__signature\">\n<div class=\"content-publication-data\">\n<div id=\"chunk-c68l7\">\n<div class=\"mc-column content-text active-extra-styles active-capital-letter\" data-block-type=\"unstyled\" data-block-weight=\"36\" data-block-id=\"1\">\n<p class=\" content-text__container theme-color-primary-first-letter\" data-track-category=\"Link no Texto\" data-track-links=\"\" data-mrf-recirculation=\"Mat\u00e9ria - Links no Texto\">O ex-deputado federal\u00a0Eduardo Bolsonaro\u00a0(PL) foi formalmente citado nesta segunda-feira (16) no\u00a0processo administrativo aberto pela Pol\u00edcia Federal\u00a0que apura<strong>\u00a0poss\u00edvel abandono do cargo de escriv\u00e3o<\/strong>\u00a0na delegacia da corpora\u00e7\u00e3o em Angra dos Reis (RJ).<\/p>\n<\/div>\n<\/div>\n<div class=\"wall protected-content\">\n<div id=\"chunk-e42ef\">\n<div class=\"mc-column content-text active-extra-styles \" data-block-type=\"unstyled\" data-block-weight=\"29\" data-block-id=\"3\">\n<div id=\"chunk-e42ef\">\n<div class=\"mc-column content-text active-extra-styles \" data-block-type=\"unstyled\" data-block-weight=\"29\" data-block-id=\"3\">\n<p class=\" content-text__container \" data-track-category=\"Link no Texto\" data-track-links=\"\" data-mrf-recirculation=\"Mat\u00e9ria - Links no Texto\">Com a cita\u00e7\u00e3o formal, passam a correr os prazos do processo administrativo, incluindo\u00a0<span class=\"highlight highlighted\">o per\u00edodo de 15 dias para que Eduardo<\/span><strong><span class=\"highlight highlighted\">\u00a0apresente sua defesa\u00a0<\/span><\/strong><span class=\"highlight highlighted\">\u00e0 comiss\u00e3o respons\u00e1vel pela apura\u00e7\u00e3o.<\/span><\/p>\n<\/div>\n<\/div>\n<div id=\"chunk-3qnrh\">\n<div class=\"mc-column content-text active-extra-styles \" data-block-type=\"unstyled\" data-block-weight=\"23\" data-block-id=\"4\">\n<div id=\"chunk-3qnrh\">\n<div class=\"mc-column content-text active-extra-styles \" data-block-type=\"unstyled\" data-block-weight=\"23\" data-block-id=\"4\">\n<p class=\" content-text__container \" data-track-category=\"Link no Texto\" data-track-links=\"\" data-mrf-recirculation=\"Mat\u00e9ria - Links no Texto\">A cita\u00e7\u00e3o foi publicada no Di\u00e1rio Oficial da Uni\u00e3o (DOU) desta segunda-feira (16), salientando que Eduardo est\u00e1 em &#8220;lugar incerto e n\u00e3o sabido&#8221;.<\/p>\n<\/div>\n<\/div>\n<div id=\"chunk-ahnaq\">\n<div class=\"cxm-block-video content-media mc-column \" data-block-type=\"backstage-video\" data-block-id=\"5\">\n<div class=\"cxm-block-video__container cxm-block-video__container--fallback \">\n<div class=\"cxm-block-video__player-fixer\">\n<article class=\"cxm-block-video__player-wrapper\">\n<section class=\"cxm-block-video__player\">\n<div class=\"cxm-block-video__placeholder\" data-video-id=\"14302544\">\n<div id=\"chunk-8s5gt\">\n<div class=\"mc-column content-text active-extra-styles \" data-block-type=\"unstyled\" data-block-weight=\"38\" data-block-id=\"6\">\n<p class=\" content-text__container \" data-track-category=\"Link no Texto\" data-track-links=\"\" data-mrf-recirculation=\"Mat\u00e9ria - Links no Texto\"><em>&#x1f50e;O ex-deputado \u00e9 alvo de um Processo Administrativo Disciplinar (PAD), instaurado em 27 de janeiro deste ano, para apurar faltas injustificadas do ex-deputado, que est\u00e1 morando nos Estados Unidos desde fevereiro de 2025 (veja mais no v\u00eddeo acima).<\/em><\/p>\n<\/div>\n<\/div>\n<div id=\"chunk-eua06\">\n<div class=\"content-ads content-ads--reveal\" data-block-type=\"ads\" data-block-id=\"7\">\n<div id=\"banner_materia2\" class=\"tag-manager-publicidade-container tag-manager-publicidade-banner_materia2 tag-manager-publicidade-container--carregado tag-manager-publicidade-container--visivel\" data-google-query-id=\"CM6hiP2qpJMDFaU1uQYdeEUjtQ\">\n<div id=\"chunk-6dcvm\">\n<div class=\"mc-column content-text active-extra-styles \" data-block-type=\"unstyled\" data-block-weight=\"41\" data-block-id=\"8\">\n<p class=\" content-text__container \" data-track-category=\"Link no Texto\" data-track-links=\"\" data-mrf-recirculation=\"Mat\u00e9ria - Links no Texto\"><span class=\"highlight highlighted\">O PAD pode levar \u00e0 demiss\u00e3o do servidor.<\/span>\u00a0Eduardo est\u00e1 afastado do cargo desde fevereiro,\u00a0em portaria assinada assinada pelo corregedor regional da PF no estado. Decis\u00e3o tamb\u00e9m determinou que o escriv\u00e3o entregasse a carteira funcional e a arma de fogo.<\/p>\n<\/div>\n<\/div>\n<div id=\"chunk-2avev\">\n<div class=\"mc-column content-text active-extra-styles \" data-block-type=\"unstyled\" data-block-weight=\"36\" data-block-id=\"9\">\n<div id=\"chunk-2avev\">\n<div class=\"mc-column content-text active-extra-styles \" data-block-type=\"unstyled\" data-block-weight=\"36\" data-block-id=\"9\">\n<p class=\" content-text__container \" data-track-category=\"Link no Texto\" data-track-links=\"\" data-mrf-recirculation=\"Mat\u00e9ria - Links no Texto\">O filho do ex-presidente\u00a0Jair Bolsonaro\u00a0deixou o Brasil alegando que est\u00e1 sendo perseguido pela Justi\u00e7a. Eduardo Bolsonaro \u00e9 r\u00e9u por coa\u00e7\u00e3o no curso do processo em raz\u00e3o de sua atua\u00e7\u00e3o nos EUA contra autoridades brasileiras.<\/p>\n<\/div>\n<\/div>\n<div id=\"chunk-1l3c6\">\n<div class=\"row medium-uncollapsed content-media content-photo\" data-block-type=\"backstage-photo\" data-block-id=\"10\">\n<div class=\" mc-column  content-media__container\">\n<div class=\"content-media-container glb-skeleton-box\">\n<div id=\"chunk-b55ml\">\n<div class=\"mc-column content-text active-extra-styles\" data-block-type=\"raw\" data-block-weight=\"5\" data-block-id=\"11\">\n<div class=\"content-intertitle\">\n<h2>Eduardo est\u00e1 morando nos EUA<\/h2>\n<\/div>\n<p>&nbsp;<\/p>\n<\/div>\n<\/div>\n<div id=\"chunk-4rkhl\">\n<div class=\"mc-column content-text active-extra-styles \" data-block-type=\"unstyled\" data-block-weight=\"50\" data-block-id=\"12\">\n<p class=\" content-text__container \" data-track-category=\"Link no Texto\" data-track-links=\"\" data-mrf-recirculation=\"Mat\u00e9ria - Links no Texto\">Segundo a portaria da Corregedoria da PF no RJ, o processo administrativo vai apurar a responsabilidade de Eduardo por ter, supostamente, se ausentado ao servi\u00e7o de forma intencional e sem justificativa por mais de 30 dias consecutivos ap\u00f3s a perda do mandato de deputado em 18 de dezembro de 2025.<\/p>\n<div id=\"chunk-bqqd7\">\n<div class=\"mc-column content-text active-extra-styles \" data-block-type=\"unstyled\" data-block-weight=\"46\" data-block-id=\"14\">\n<p class=\" content-text__container \" data-track-category=\"Link no Texto\" data-track-links=\"\" data-mrf-recirculation=\"Mat\u00e9ria - Links no Texto\">Com o fim do mandato na C\u00e2mara, a\u00a0Pol\u00edcia Federal\u00a0determinou o retorno de Eduardo Bolsonaro ao cargo na corpora\u00e7\u00e3o, do qual estava afastado para ser deputado federal. A volta ao cargo n\u00e3o aconteceu e essa situa\u00e7\u00e3o pode configurar o abandono do cargo pelo servidor p\u00fablico.<\/p>\n<\/div>\n<\/div>\n<div data-track-category=\"multicontent\" data-track-action=\"multicontent\" data-track-noninteraction=\"false\" data-track-scroll=\"ultimo chunk conteudo\" data-track-value=\"view\">\n<div id=\"chunk-24br2\">\n<div class=\"block-podcast\">FONTE: G1<\/div>\n<\/div>\n<\/div>\n<\/div>\n<\/div>\n<\/div>\n<\/div>\n<\/div>\n<\/div>\n<\/div>\n<\/div>\n<\/div>\n<\/div>\n<\/div>\n<\/div>\n<\/section>\n<\/article>\n<\/div>\n<\/div>\n<\/div>\n<\/div>\n<\/div>\n<\/div>\n<\/div>\n<\/div>\n<\/div>\n<\/div>\n<\/div>\n<\/div>\n","protected":false},"excerpt":{"rendered":"<p>Deputado \u00e9 alvo de processo administrativo na Pol\u00edcia Federal. Processo pode levar \u00e0 demiss\u00e3o do cargo de escriv\u00e3o da corpora\u00e7\u00e3o. Ele est\u00e1 afastado das fun\u00e7\u00f5es&hellip; <\/p>\n","protected":false},"author":6,"featured_media":311301,"comment_status":"closed","ping_status":"closed","sticky":false,"template":"","format":"standard","meta":{"sfsi_plus_gutenberg_text_before_share":"","sfsi_plus_gutenberg_show_text_before_share":"","sfsi_plus_gutenberg_icon_type":"","sfsi_plus_gutenberg_icon_alignemt":"","sfsi_plus_gutenburg_max_per_row":"","footnotes":""},"categories":[50,11],"tags":[],"class_list":["post-311300","post","type-post","status-publish","format-standard","has-post-thumbnail","hentry","category-destaque","category-politica"],"_links":{"self":[{"href":"https:\/\/www.caririemacao.com\/1\/wp-json\/wp\/v2\/posts\/311300","targetHints":{"allow":["GET"]}}],"collection":[{"href":"https:\/\/www.caririemacao.com\/1\/wp-json\/wp\/v2\/posts"}],"about":[{"href":"https:\/\/www.caririemacao.com\/1\/wp-json\/wp\/v2\/types\/post"}],"author":[{"embeddable":true,"href":"https:\/\/www.caririemacao.com\/1\/wp-json\/wp\/v2\/users\/6"}],"replies":[{"embeddable":true,"href":"https:\/\/www.caririemacao.com\/1\/wp-json\/wp\/v2\/comments?post=311300"}],"version-history":[{"count":1,"href":"https:\/\/www.caririemacao.com\/1\/wp-json\/wp\/v2\/posts\/311300\/revisions"}],"predecessor-version":[{"id":311302,"href":"https:\/\/www.caririemacao.com\/1\/wp-json\/wp\/v2\/posts\/311300\/revisions\/311302"}],"wp:featuredmedia":[{"embeddable":true,"href":"https:\/\/www.caririemacao.com\/1\/wp-json\/wp\/v2\/media\/311301"}],"wp:attachment":[{"href":"https:\/\/www.caririemacao.com\/1\/wp-json\/wp\/v2\/media?parent=311300"}],"wp:term":[{"taxonomy":"category","embeddable":true,"href":"https:\/\/www.caririemacao.com\/1\/wp-json\/wp\/v2\/categories?post=311300"},{"taxonomy":"post_tag","embeddable":true,"href":"https:\/\/www.caririemacao.com\/1\/wp-json\/wp\/v2\/tags?post=311300"}],"curies":[{"name":"wp","href":"https:\/\/api.w.org\/{rel}","templated":true}]}}