{"id":311303,"date":"2026-03-16T08:48:38","date_gmt":"2026-03-16T11:48:38","guid":{"rendered":"https:\/\/www.caririemacao.com\/1\/?p=311303"},"modified":"2026-03-16T08:48:38","modified_gmt":"2026-03-16T11:48:38","slug":"de-acorrentada-a-cacadora-a-jornada-da-onca-phi-rumo-a-liberdade","status":"publish","type":"post","link":"https:\/\/www.caririemacao.com\/1\/2026\/03\/16\/de-acorrentada-a-cacadora-a-jornada-da-onca-phi-rumo-a-liberdade\/","title":{"rendered":"De acorrentada a ca\u00e7adora: a jornada da on\u00e7a Phi rumo \u00e0 liberdade"},"content":{"rendered":"<div class=\"title\">\n<div class=\"content-title\">\n<div class=\"wrapper\">\n<div class=\"materia-title\">\n<p><em><strong>Adotada pelo Distrito Federal, filhote de on\u00e7a-pintada que era criada como dom\u00e9stica foi resgatada pelo Ibama em Roraima e segue para Corumb\u00e1 de Goi\u00e1s, onde inicia mais uma etapa rumo \u00e0 introdu\u00e7\u00e3o na natureza, na Amaz\u00f4nia.<\/strong><\/em><\/p>\n<\/div>\n<p>Mais de 3 mil quil\u00f4metros separam a on\u00e7a Phi do lugar onde nasceu. Com cerca de um ano e meio, essa on\u00e7a-pintada\u00a0ainda \u00e9 uma adolescente, mas j\u00e1 viveu grandes aventuras, e um novo cap\u00edtulo dessa hist\u00f3ria iniciou na quinta-feira (12).\u00a0A jovem felina foi transferida para um novo recinto no Instituto Nex, em Corumb\u00e1 de Goi\u00e1s (GO), ap\u00f3s quase um ano de reabilita\u00e7\u00e3o na unidade do Centro de Triagem e Reabilita\u00e7\u00e3o de Animais Silvestres (Cetas) do\u00a0Instituto Brasileiro do Meio Ambiente e dos Recursos Naturais Renov\u00e1veis (Ibama), em Bras\u00edlia. A transfer\u00eancia para um lugar maior representa mais uma fase do processo de reinser\u00e7\u00e3o do animal, que veio do Norte, para a natureza.<\/p>\n<p class=\"texto\">Em janeiro de 2025, com pouco mais de um m\u00eas de idade, Phi foi resgatada de uma resid\u00eancia em Caroebe, sul de Roraima, onde permanecia acorrentada, criada como um animal dom\u00e9stico e alimentada com restos de comida. &#8220;Quando foi resgatada, ela estava extremamente magra, com um score corporal bem baixo, tinha pneumonia, v\u00e1rios parasitas, pulga, carrapato&#8221;, conta J\u00falio C\u00e9sar Montanha, chefe do Cetas, que acompanhou a on\u00e7a por cerca de um ano.<\/p>\n<div class=\"cb-container-discovery\">\n<p class=\"texto\">O felino foi trazido para Bras\u00edlia, unidade especializada em reabilita\u00e7\u00e3o e soltura de felinos, ap\u00f3s dois meses no Cetas de Roraima. No DF, ganhou peso, alimenta\u00e7\u00e3o adequada e passou por um check-up completo at\u00e9 ir para o Instituto Nex. Embora ainda n\u00e3o esteja solta, o novo espa\u00e7o apresenta maior contato com a natureza e enriquecimento ambiental em um recinto de 500m\u00b2. Na nova casa, Phi conta com ampla vegeta\u00e7\u00e3o, um laguinho para beber \u00e1gua e, al\u00e9m da alimenta\u00e7\u00e3o ofertada pelos veterin\u00e1rios, conta com presas vivas espalhadas pelo ambiente para estimular as habilidades de predadoras.<\/p>\n<p class=\"texto\">&#8220;A tend\u00eancia, agora, \u00e9 ela ter mais dificuldade de encontrar esse alimento, buscando com o uso de\u00a0olfato\u00a0e audi\u00e7\u00e3o, captando o barulho que os animais v\u00e3o fazer na mata&#8221;, explica.\u00a0Segundo o veterin\u00e1rio, Phi mostra as habilidades de ca\u00e7adora e apresenta um comportamento mais arisco e selvagem.\u00a0\u00c0 primeira vista, isso pode parecer ruim, mas na verdade, \u00e9 uma caracter\u00edstica comum das on\u00e7as-pintadas essencial para a sobreviv\u00eancia na natureza.<\/p>\n<p class=\"texto\">Para o retorno \u00e0 vida selvagem, \u00e9 essencial que esses animais n\u00e3o tenham os seres humanos como refer\u00eancia. Daniela Gianni, uma das respons\u00e1veis pelo Nex, explica que on\u00e7as muito adaptadas a esse conv\u00edvio dificilmente conseguem sobreviver na natureza. &#8220;O ser humano n\u00e3o pode ser a refer\u00eancia desse animal para nada, principalmente para alimenta\u00e7\u00e3o, porque uma vez que esse animal tem a refer\u00eancia do ser humano, quando a gente solta, ele vai procurar \u00e1reas habitadas por seres humanos para se alimentar&#8221;, pontua. Um dos riscos, explica, \u00e9 que eles passem a procurar alimentos em fazendas nos arredores, o que representa um perigo para os humanos e para eles.<\/p>\n<p class=\"texto\">Apesar do protocolo de reabilita\u00e7\u00e3o ocorrer no Cerrado, ap\u00f3s alguns meses no Nex, Phi ser\u00e1 levada de volta para a Amaz\u00f4nia, habitat natural dela. \u00c9 um processo longo, mas de uma riqueza inestim\u00e1vel para a biodiversidade. Para J\u00falio e todos os profissionais envolvidos, a sensa\u00e7\u00e3o \u00e9 de dever cumprido. Ainda assim, n\u00e3o negam que a jovem on\u00e7a vai fazer falta. &#8220;N\u00e3o sei se ela vai chorar \u00e0 noite, mas eu vou&#8221;, brinca o veterin\u00e1rio.<\/p>\n<div class=\"glide galeria-cb glide--ltr glide--slider glide--swipeable\" data-idx=\"0\">\n<div class=\"glide__track\" data-glide-el=\"track\">\n<p class=\"texto\">Phi est\u00e1 s\u00f3 de passagem pelo Instituto Nex, mas para 27 felinos, esse \u00e9 o lar definitivo. O Instituto Nex \u00e9 uma entidade sem fins lucrativos especializada em felinos de grande porte, especialmente das on\u00e7as-pintadas, esp\u00e9cie amea\u00e7ada de extin\u00e7\u00e3o. &#8220;O \u00e1pice do nosso trabalho \u00e9 conseguir devolver esses animais para a natureza, \u00e9 o lugar deles, \u00e9 de onde eles n\u00e3o deveriam ter sa\u00eddo&#8221;, afirma Daniela.<\/p>\n<p class=\"texto\">Al\u00e9m de atuar como parceira do Ibama no processo de reabilita\u00e7\u00e3o, o local funciona como um santu\u00e1rio para animais que n\u00e3o t\u00eam condi\u00e7\u00f5es de voltar para a natureza. Um desses casos \u00e9 o da on\u00e7a Amanaci. V\u00edtima nos inc\u00eandios que devastaram o Pantanal em 2020, ela sofreu queimaduras graves nas patas e perdeu os tend\u00f5es, al\u00e9m de n\u00e3o conseguir mais utilizar as garras.<\/p>\n<p class=\"texto\">&#8220;Aqui serve como abrigo desses animais que n\u00e3o podem voltar para a natureza. A gente d\u00e1 qualidade de vida, proporciona enriquecimento ambiental, alimenta\u00e7\u00e3o e suplementa\u00e7\u00e3o adequada, tratamento veterin\u00e1rio, tudo que o animal precisa para manter uma qualidade de vida adequada, \u00e9 mais como um ref\u00fagio mesmo&#8221;, explica a veterin\u00e1ria.<\/p>\n<p class=\"texto\">Esse tamb\u00e9m \u00e9 o caso de Merlin, resgatado em 2016 ap\u00f3s ser atingido por um tiro e que mora no recinto desde 2020.\u00a0&#8220;Um ca\u00e7ador deu um tiro no meio da testa dele e ele ficou cego dos dois olhos, foram quatro anos de tratamento&#8221;, relata.\u00a0&#8220;Hoje, ele vive bem aqui no Nex, tem um ambiente adequado para as condi\u00e7\u00f5es dele, mas ele n\u00e3o sobreviveria em vida livre&#8221;.<\/p>\n<p class=\"texto\">J\u00e1 o Ousado, que veio junto com Amanaci em 2020, foi um caso de sucesso no Nex. A on\u00e7a tamb\u00e9m sofreu queimaduras nas patas, mas n\u00e3o ficou com as garras comprometidas. De volta ao Pantanal, ele se tornou um s\u00edmbolo do bioma e faz sucesso pelo jeito singular de surpreender as presas. Em vez de ficar na beira da \u00e1gua \u00e0 espera da presa,\u00a0Ousado nada e surpreende jacar\u00e9s que est\u00e3o na beira do rio, ofensiva que j\u00e1 rendeu v\u00e1rios cliques nas redes sociais.<\/p>\n<h3>Ayn\u00ed, a pioneira<\/h3>\n<p class=\"texto\">Al\u00e9m da celebridade pantaneira, o Nex foi o respons\u00e1vel pe\u00e7a introdu\u00e7\u00e3o da primeira on\u00e7a nascida em cativeiro no Brasil. Ayni nasceu em 2021 no Instituto e \u00e9 filha de Jaci, uma on\u00e7a amaz\u00f4nica que precisou continuar no local devido a fraturas. Em 2025, ela foi transferida para o Parque Nacional deIber\u00e1, na Argentina, onde\u00a0segue\u00a0com os cuidados da Funda\u00e7\u00e3o Rewilding Argentina. O projeto, que\u00a0atua na prote\u00e7\u00e3o do maior felino das Am\u00e9ricas, \u00e9 respons\u00e1vel por introduzir cerca de 16 on\u00e7as-pintadasno\u00a0pa\u00eds, onde a esp\u00e9cie \u00e9 altamente amea\u00e7ada, chegando a ter somente 200 a 250 indiv\u00edduos em 2018.<\/p>\n<div class=\"caption\">\u00a0FONTE: Correio Braziliense<\/div>\n<\/div>\n<\/div>\n<p>&nbsp;<\/p>\n<\/div>\n<\/div>\n<\/div>\n<\/div>\n<div class=\"publicidade-ancorads closing\">\n<p class=\"btn-close-ancorads\">\n<p id=\"ancorado-footer\" data-google-query-id=\"CKDVtO6rpJMDFSxU3QIdAagOxg\">\n<\/div>\n","protected":false},"excerpt":{"rendered":"<p>Adotada pelo Distrito Federal, filhote de on\u00e7a-pintada que era criada como dom\u00e9stica foi resgatada pelo Ibama em Roraima e segue para Corumb\u00e1 de Goi\u00e1s, onde&hellip; <\/p>\n","protected":false},"author":6,"featured_media":311305,"comment_status":"closed","ping_status":"closed","sticky":false,"template":"","format":"standard","meta":{"sfsi_plus_gutenberg_text_before_share":"","sfsi_plus_gutenberg_show_text_before_share":"","sfsi_plus_gutenberg_icon_type":"","sfsi_plus_gutenberg_icon_alignemt":"","sfsi_plus_gutenburg_max_per_row":"","footnotes":""},"categories":[50,1,171],"tags":[],"class_list":["post-311303","post","type-post","status-publish","format-standard","has-post-thumbnail","hentry","category-destaque","category-o-site","category-voce-sabia"],"_links":{"self":[{"href":"https:\/\/www.caririemacao.com\/1\/wp-json\/wp\/v2\/posts\/311303","targetHints":{"allow":["GET"]}}],"collection":[{"href":"https:\/\/www.caririemacao.com\/1\/wp-json\/wp\/v2\/posts"}],"about":[{"href":"https:\/\/www.caririemacao.com\/1\/wp-json\/wp\/v2\/types\/post"}],"author":[{"embeddable":true,"href":"https:\/\/www.caririemacao.com\/1\/wp-json\/wp\/v2\/users\/6"}],"replies":[{"embeddable":true,"href":"https:\/\/www.caririemacao.com\/1\/wp-json\/wp\/v2\/comments?post=311303"}],"version-history":[{"count":1,"href":"https:\/\/www.caririemacao.com\/1\/wp-json\/wp\/v2\/posts\/311303\/revisions"}],"predecessor-version":[{"id":311306,"href":"https:\/\/www.caririemacao.com\/1\/wp-json\/wp\/v2\/posts\/311303\/revisions\/311306"}],"wp:featuredmedia":[{"embeddable":true,"href":"https:\/\/www.caririemacao.com\/1\/wp-json\/wp\/v2\/media\/311305"}],"wp:attachment":[{"href":"https:\/\/www.caririemacao.com\/1\/wp-json\/wp\/v2\/media?parent=311303"}],"wp:term":[{"taxonomy":"category","embeddable":true,"href":"https:\/\/www.caririemacao.com\/1\/wp-json\/wp\/v2\/categories?post=311303"},{"taxonomy":"post_tag","embeddable":true,"href":"https:\/\/www.caririemacao.com\/1\/wp-json\/wp\/v2\/tags?post=311303"}],"curies":[{"name":"wp","href":"https:\/\/api.w.org\/{rel}","templated":true}]}}