{"id":311304,"date":"2026-03-16T08:53:55","date_gmt":"2026-03-16T11:53:55","guid":{"rendered":"https:\/\/www.caririemacao.com\/1\/?p=311304"},"modified":"2026-03-16T08:53:55","modified_gmt":"2026-03-16T11:53:55","slug":"prefeito-vice-prefeita-e-vereadores-de-sao-domingos-do-cariri-se-reunem-com-o-deputado-joao-paulo-segundo-e-tracam-metas-para-novos-investimentos","status":"publish","type":"post","link":"https:\/\/www.caririemacao.com\/1\/2026\/03\/16\/prefeito-vice-prefeita-e-vereadores-de-sao-domingos-do-cariri-se-reunem-com-o-deputado-joao-paulo-segundo-e-tracam-metas-para-novos-investimentos\/","title":{"rendered":"Prefeito, vice-prefeita e vereadores de S\u00e3o Domingos do Cariri se re\u00fanem com o deputado Jo\u00e3o Paulo Segundo e tra\u00e7am metas para novos investimentos"},"content":{"rendered":"<div class=\"elementor-element elementor-element-8dc9ec5 elementor-widget elementor-widget-theme-post-content\" data-id=\"8dc9ec5\" data-element_type=\"widget\" data-e-type=\"widget\" data-widget_type=\"theme-post-content.default\">\n<div class=\"elementor-widget-container\">\n<p>O grupo pol\u00edtico da situa\u00e7\u00e3o em S\u00e3o Domingos do Cariri, liderado pelo prefeito\u00a0Onildo Lindberg, pela vice-prefeita\u00a0Inara Marinho\u00a0e pelos vereadores da base aliada, esteve reunido com o deputado estadual\u00a0Jo\u00e3o Paulo Segundo\u00a0para discutir novos investimentos e apresentar demandas priorit\u00e1rias do munic\u00edpio.<\/p>\n<p>Durante o encontro, as lideran\u00e7as municipais detalharam as principais necessidades da cidade e refor\u00e7aram pedidos de apoio junto ao Governo da Para\u00edba. Segundo o prefeito Onildo Lindenberg, a reuni\u00e3o foi bastante produtiva e contribuiu para fortalecer a parceria com o parlamentar.<\/p>\n<p>De acordo com o gestor, o deputado Jo\u00e3o Paulo Segundo tem sido um importante aliado de S\u00e3o Domingos do Cariri, atuando como porta-voz das demandas do munic\u00edpio junto ao governo estadual.<\/p>\n<p>Na reuni\u00e3o, cada vereador teve a oportunidade de apresentar reivindica\u00e7\u00f5es e sugest\u00f5es de melhorias para a popula\u00e7\u00e3o. A vice-prefeita Inara Marinho tamb\u00e9m destacou algumas prioridades da gest\u00e3o municipal.<\/p>\n<p>Ao final do encontro, o deputado Jo\u00e3o Paulo Segundo agradeceu a uni\u00e3o do grupo pol\u00edtico e elogiou o compromisso das lideran\u00e7as em trabalhar pelo desenvolvimento do munic\u00edpio. Ele reafirmou que continuar\u00e1 \u00e0 disposi\u00e7\u00e3o para fazer a ponte entre S\u00e3o Domingos do Cariri e o Governo do Estado, buscando viabilizar investimentos e a\u00e7\u00f5es que melhorem a qualidade de vida da popula\u00e7\u00e3o.<\/p>\n<\/div>\n<\/div>\n<p>&nbsp;<\/p>\n<p><strong>CARIRI EM A\u00c7\u00c3O<\/strong><\/p>\n<div class=\"elementor-element elementor-element-8dc9ec5 elementor-widget elementor-widget-theme-post-content\" data-id=\"8dc9ec5\" data-element_type=\"widget\" data-e-type=\"widget\" data-widget_type=\"theme-post-content.default\">\n<div class=\"elementor-widget-container\">\n<p><em>Com Blog do Bruno Lira<\/em><\/p>\n<\/div>\n<\/div>\n<div class=\"elementor-element elementor-element-2cce58b elementor-widget elementor-widget-heading\" data-id=\"2cce58b\" data-element_type=\"widget\" data-e-type=\"widget\" data-widget_type=\"heading.default\">\n<div class=\"elementor-widget-container\"><\/div>\n<\/div>\n","protected":false},"excerpt":{"rendered":"<p>O grupo pol\u00edtico da situa\u00e7\u00e3o em S\u00e3o Domingos do Cariri, liderado pelo prefeito\u00a0Onildo Lindberg, pela vice-prefeita\u00a0Inara Marinho\u00a0e pelos vereadores da base aliada, esteve reunido com&hellip; <\/p>\n","protected":false},"author":6,"featured_media":311307,"comment_status":"closed","ping_status":"closed","sticky":false,"template":"","format":"standard","meta":{"sfsi_plus_gutenberg_text_before_share":"","sfsi_plus_gutenberg_show_text_before_share":"","sfsi_plus_gutenberg_icon_type":"","sfsi_plus_gutenberg_icon_alignemt":"","sfsi_plus_gutenburg_max_per_row":"","footnotes":""},"categories":[50,2,11,87],"tags":[],"class_list":["post-311304","post","type-post","status-publish","format-standard","has-post-thumbnail","hentry","category-destaque","category-geral","category-politica","category-sao-domingos-do-cariri"],"_links":{"self":[{"href":"https:\/\/www.caririemacao.com\/1\/wp-json\/wp\/v2\/posts\/311304","targetHints":{"allow":["GET"]}}],"collection":[{"href":"https:\/\/www.caririemacao.com\/1\/wp-json\/wp\/v2\/posts"}],"about":[{"href":"https:\/\/www.caririemacao.com\/1\/wp-json\/wp\/v2\/types\/post"}],"author":[{"embeddable":true,"href":"https:\/\/www.caririemacao.com\/1\/wp-json\/wp\/v2\/users\/6"}],"replies":[{"embeddable":true,"href":"https:\/\/www.caririemacao.com\/1\/wp-json\/wp\/v2\/comments?post=311304"}],"version-history":[{"count":1,"href":"https:\/\/www.caririemacao.com\/1\/wp-json\/wp\/v2\/posts\/311304\/revisions"}],"predecessor-version":[{"id":311308,"href":"https:\/\/www.caririemacao.com\/1\/wp-json\/wp\/v2\/posts\/311304\/revisions\/311308"}],"wp:featuredmedia":[{"embeddable":true,"href":"https:\/\/www.caririemacao.com\/1\/wp-json\/wp\/v2\/media\/311307"}],"wp:attachment":[{"href":"https:\/\/www.caririemacao.com\/1\/wp-json\/wp\/v2\/media?parent=311304"}],"wp:term":[{"taxonomy":"category","embeddable":true,"href":"https:\/\/www.caririemacao.com\/1\/wp-json\/wp\/v2\/categories?post=311304"},{"taxonomy":"post_tag","embeddable":true,"href":"https:\/\/www.caririemacao.com\/1\/wp-json\/wp\/v2\/tags?post=311304"}],"curies":[{"name":"wp","href":"https:\/\/api.w.org\/{rel}","templated":true}]}}