{"id":311309,"date":"2026-03-16T08:55:47","date_gmt":"2026-03-16T11:55:47","guid":{"rendered":"https:\/\/www.caririemacao.com\/1\/?p=311309"},"modified":"2026-03-16T08:55:47","modified_gmt":"2026-03-16T11:55:47","slug":"dois-acidentes-entre-motocicletas-deixam-mulheres-feridas-no-sitio-tamandua-zona-rural-de-monteiro","status":"publish","type":"post","link":"https:\/\/www.caririemacao.com\/1\/2026\/03\/16\/dois-acidentes-entre-motocicletas-deixam-mulheres-feridas-no-sitio-tamandua-zona-rural-de-monteiro\/","title":{"rendered":"Dois acidentes entre motocicletas deixam mulheres feridas no s\u00edtio Tamandu\u00e1, zona rural de Monteiro"},"content":{"rendered":"<p>Mais dois acidentes envolvendo motocicletas foram registrados na zona rural de Monteiro, neste domingo no Cariri paraibano, aumentando o n\u00famero de ocorr\u00eancias registradas ao longo desta semana no munic\u00edpio.<\/p>\n<p>Os dois acidentes aconteceram no s\u00edtio Tamandu\u00e1, onde colis\u00f5es entre motocicletas deixaram duas mulheres feridas.<\/p>\n<div class=\"google-auto-placed ap_container\">\n<p>No primeiro caso, uma mulher colidiu com outra motocicleta e acabou ficando ferida. O homem que conduzia a outra moto sofreu apenas escoria\u00e7\u00f5es leves e n\u00e3o precisou ser socorrido.<\/p>\n<p>Uma equipe do Servi\u00e7o de Atendimento M\u00f3vel de Urg\u00eancia (Samu) foi acionada, realizou os primeiros atendimentos ainda no local e, em seguida, encaminhou a v\u00edtima para o Hospital Regional Santa Filomena, com suspeita de fratura em uma das pernas.<\/p>\n<p>J\u00e1 em outro acidente, tamb\u00e9m registrado no s\u00edtio Tamandu\u00e1, outra mulher ficou ferida ap\u00f3s uma colis\u00e3o entre motocicletas. Ela foi socorrida por populares e levada para o Hospital Regional de Monteiro, onde passou por avalia\u00e7\u00e3o m\u00e9dica.<\/p>\n<p>Os casos refor\u00e7am a sequ\u00eancia de acidentes envolvendo motocicletas registrados nos \u00faltimos dias em Monteiro, especialmente em estradas da zona rural do munic\u00edpio.<\/p>\n<p>&nbsp;<\/p>\n<p><b>CARIRI EM A\u00c7\u00c3O<\/b><\/p>\n<p><em>Com O Pipoco<\/em><\/p>\n<\/div>\n","protected":false},"excerpt":{"rendered":"<p>Mais dois acidentes envolvendo motocicletas foram registrados na zona rural de Monteiro, neste domingo no Cariri paraibano, aumentando o n\u00famero de ocorr\u00eancias registradas ao longo&hellip; <\/p>\n","protected":false},"author":6,"featured_media":311310,"comment_status":"closed","ping_status":"closed","sticky":false,"template":"","format":"standard","meta":{"sfsi_plus_gutenberg_text_before_share":"","sfsi_plus_gutenberg_show_text_before_share":"","sfsi_plus_gutenberg_icon_type":"","sfsi_plus_gutenberg_icon_alignemt":"","sfsi_plus_gutenburg_max_per_row":"","footnotes":""},"categories":[50,2,81],"tags":[],"class_list":["post-311309","post","type-post","status-publish","format-standard","has-post-thumbnail","hentry","category-destaque","category-geral","category-monteiro"],"_links":{"self":[{"href":"https:\/\/www.caririemacao.com\/1\/wp-json\/wp\/v2\/posts\/311309","targetHints":{"allow":["GET"]}}],"collection":[{"href":"https:\/\/www.caririemacao.com\/1\/wp-json\/wp\/v2\/posts"}],"about":[{"href":"https:\/\/www.caririemacao.com\/1\/wp-json\/wp\/v2\/types\/post"}],"author":[{"embeddable":true,"href":"https:\/\/www.caririemacao.com\/1\/wp-json\/wp\/v2\/users\/6"}],"replies":[{"embeddable":true,"href":"https:\/\/www.caririemacao.com\/1\/wp-json\/wp\/v2\/comments?post=311309"}],"version-history":[{"count":1,"href":"https:\/\/www.caririemacao.com\/1\/wp-json\/wp\/v2\/posts\/311309\/revisions"}],"predecessor-version":[{"id":311311,"href":"https:\/\/www.caririemacao.com\/1\/wp-json\/wp\/v2\/posts\/311309\/revisions\/311311"}],"wp:featuredmedia":[{"embeddable":true,"href":"https:\/\/www.caririemacao.com\/1\/wp-json\/wp\/v2\/media\/311310"}],"wp:attachment":[{"href":"https:\/\/www.caririemacao.com\/1\/wp-json\/wp\/v2\/media?parent=311309"}],"wp:term":[{"taxonomy":"category","embeddable":true,"href":"https:\/\/www.caririemacao.com\/1\/wp-json\/wp\/v2\/categories?post=311309"},{"taxonomy":"post_tag","embeddable":true,"href":"https:\/\/www.caririemacao.com\/1\/wp-json\/wp\/v2\/tags?post=311309"}],"curies":[{"name":"wp","href":"https:\/\/api.w.org\/{rel}","templated":true}]}}