{"id":31132,"date":"2017-10-21T09:44:56","date_gmt":"2017-10-21T12:44:56","guid":{"rendered":"http:\/\/caririemacao.com\/1\/?p=31132"},"modified":"2017-10-21T09:44:56","modified_gmt":"2017-10-21T12:44:56","slug":"alpb-aprova-projeto-que-institui-a-semana-de-prevencao-ao-aneurisma-cerebral","status":"publish","type":"post","link":"https:\/\/www.caririemacao.com\/1\/2017\/10\/21\/alpb-aprova-projeto-que-institui-a-semana-de-prevencao-ao-aneurisma-cerebral\/","title":{"rendered":"ALPB aprova projeto que institui a Semana de Preven\u00e7\u00e3o ao Aneurisma Cerebral"},"content":{"rendered":"<p>A Assembleia Legislativa da Para\u00edba (ALPB) aprovou, por unanimidade, o projeto de Lei n\u00ba 1.317\/2017, de autoria do deputado estadual licenciado, JutayManeses (PRB), que institui no Calend\u00e1rio Oficial de Eventos do Estado a \u2018Semana Estadual de Preven\u00e7\u00e3o ao Aneurisma Cerebral\u2019, realizada, anualmente, na terceira semana de novembro.<\/p>\n<p>\u201cEstima-se que cerca de 15% dos pacientes falecem antes mesmo de chegarem ao hospital ap\u00f3s a ruptura de um aneurisma, 50% falecem mesmo ap\u00f3s o socorro, e 50% ficam com sequelas neurol\u00f3gicas irrevers\u00edveis. Por isso, apresentamos essa mat\u00e9ria para chamar a aten\u00e7\u00e3o dos paraibanos sobre a doen\u00e7a\u201d, disse o deputado.<\/p>\n<p>Jutay destacou ainda que \u00e9 fundamental a preven\u00e7\u00e3o da doen\u00e7a para que seja feita um diagn\u00f3stico precoce evitando complica\u00e7\u00f5es e um futuro desenvolvimento do aneurisma, muitas vezes sendo fatal.<\/p>\n<p>A ideia \u00e9 que durante a Semana, sejam levadas informa\u00e7\u00f5es \u00e0 popula\u00e7\u00e3o sobre o Aneurisma Cerebral, seus fatores de risco e o que pode ser feito para prevenir. \u201cCom atividades simples podemos salvar a vida de muita gente\u201d, disse.<\/p>\n<div class=\"sharedaddy sd-sharing-enabled\"><\/div>\n<div class=\"fbcb_container\" align=\"center\">\n<p style=\"text-align: left;\"><strong>CARIRI EM A\u00c7\u00c3O<\/strong><\/p>\n<p style=\"text-align: left;\"><em>Com Ascom \/Foto:Google\u00a0\u00a0 <\/em><\/p>\n<p style=\"text-align: left;\"><strong>Leia mais not\u00edcias em\u00a0<\/strong><a href=\"http:\/\/www.caririemacao.com\/\"><strong>caririemacao.com<\/strong><\/a><strong>, siga nossa p\u00e1gina no\u00a0<\/strong><a href=\"https:\/\/www.facebook.com\/CaririEmAcao\/?ref=aymt_homepage_panel\"><strong>Facebook<\/strong><\/a>,<strong>\u00a0<\/strong><a href=\"https:\/\/www.instagram.com\/cariri_em_acao\/?hl=pt-br\"><strong>Instagram<\/strong><\/a><strong>\u00a0e <\/strong><a href=\"https:\/\/www.youtube.com\/channel\/UCAptA0jQuYQy8vMhLt2m4qg\"><strong>Youtube<\/strong><\/a><strong>\u00a0e veja nossas mat\u00e9rias, v\u00eddeos e fotos. Voc\u00ea tamb\u00e9m pode enviar informa\u00e7\u00f5es \u00e0 Reda\u00e7\u00e3o do Portal Cariri em A\u00e7\u00e3o pelo WhatsApp (83) 9 9634.5791, (83) 9 9601-1162.<\/strong><\/p>\n<\/div>\n","protected":false},"excerpt":{"rendered":"<p>A Assembleia Legislativa da Para\u00edba (ALPB) aprovou, por unanimidade, o projeto de Lei n\u00ba 1.317\/2017, de autoria do deputado estadual licenciado, JutayManeses (PRB), que institui&hellip; <\/p>\n","protected":false},"author":2,"featured_media":13233,"comment_status":"closed","ping_status":"closed","sticky":false,"template":"","format":"standard","meta":{"sfsi_plus_gutenberg_text_before_share":"","sfsi_plus_gutenberg_show_text_before_share":"","sfsi_plus_gutenberg_icon_type":"","sfsi_plus_gutenberg_icon_alignemt":"","sfsi_plus_gutenburg_max_per_row":"","footnotes":""},"categories":[11],"tags":[],"class_list":["post-31132","post","type-post","status-publish","format-standard","has-post-thumbnail","hentry","category-politica"],"_links":{"self":[{"href":"https:\/\/www.caririemacao.com\/1\/wp-json\/wp\/v2\/posts\/31132","targetHints":{"allow":["GET"]}}],"collection":[{"href":"https:\/\/www.caririemacao.com\/1\/wp-json\/wp\/v2\/posts"}],"about":[{"href":"https:\/\/www.caririemacao.com\/1\/wp-json\/wp\/v2\/types\/post"}],"author":[{"embeddable":true,"href":"https:\/\/www.caririemacao.com\/1\/wp-json\/wp\/v2\/users\/2"}],"replies":[{"embeddable":true,"href":"https:\/\/www.caririemacao.com\/1\/wp-json\/wp\/v2\/comments?post=31132"}],"version-history":[{"count":0,"href":"https:\/\/www.caririemacao.com\/1\/wp-json\/wp\/v2\/posts\/31132\/revisions"}],"wp:featuredmedia":[{"embeddable":true,"href":"https:\/\/www.caririemacao.com\/1\/wp-json\/wp\/v2\/media\/13233"}],"wp:attachment":[{"href":"https:\/\/www.caririemacao.com\/1\/wp-json\/wp\/v2\/media?parent=31132"}],"wp:term":[{"taxonomy":"category","embeddable":true,"href":"https:\/\/www.caririemacao.com\/1\/wp-json\/wp\/v2\/categories?post=31132"},{"taxonomy":"post_tag","embeddable":true,"href":"https:\/\/www.caririemacao.com\/1\/wp-json\/wp\/v2\/tags?post=31132"}],"curies":[{"name":"wp","href":"https:\/\/api.w.org\/{rel}","templated":true}]}}