{"id":311320,"date":"2026-03-16T10:55:21","date_gmt":"2026-03-16T13:55:21","guid":{"rendered":"https:\/\/www.caririemacao.com\/1\/?p=311320"},"modified":"2026-03-16T10:55:21","modified_gmt":"2026-03-16T13:55:21","slug":"fecam-pb-reune-presidentes-de-camaras-municipais-da-paraiba-em-encontro-institucional-nesta-terca-17-em-joao-pessoa","status":"publish","type":"post","link":"https:\/\/www.caririemacao.com\/1\/2026\/03\/16\/fecam-pb-reune-presidentes-de-camaras-municipais-da-paraiba-em-encontro-institucional-nesta-terca-17-em-joao-pessoa\/","title":{"rendered":"FECAM-PB re\u00fane presidentes de C\u00e2maras Municipais da Para\u00edba em encontro institucional nesta ter\u00e7a (17) em Jo\u00e3o Pessoa"},"content":{"rendered":"<p>A Federa\u00e7\u00e3o das C\u00e2maras Municipais do Estado da Para\u00edba (FECAM-PB) promove nesta ter\u00e7a-feira, 17 de mar\u00e7o, uma reuni\u00e3o institucional com presidentes de C\u00e2maras Municipais de diversas regi\u00f5es do estado. O encontro acontece \u00e0s 10h, no audit\u00f3rio do Hotel Cabo Branco, em Jo\u00e3o Pessoa.<\/p>\n<p>A iniciativa tem como objetivo fortalecer o di\u00e1logo entre os legislativos municipais e alinhar a\u00e7\u00f5es estrat\u00e9gicas voltadas ao desenvolvimento das cidades paraibanas, al\u00e9m de discutir pautas consideradas importantes para o fortalecimento institucional das casas legislativas.<\/p>\n<p>De acordo com a FECAM-PB, a presen\u00e7a dos presidentes das c\u00e2maras \u00e9 fundamental para ampliar o debate, compartilhar experi\u00eancias administrativas e construir iniciativas conjuntas que contribuam para o fortalecimento do poder legislativo municipal.<\/p>\n<p>O encontro integra a agenda institucional da entidade e deve reunir representantes de diversos munic\u00edpios da Para\u00edba, refor\u00e7ando a articula\u00e7\u00e3o entre as c\u00e2maras e a federa\u00e7\u00e3o.<\/p>\n<p><strong>CARIRI EM A\u00c7\u00c3O<\/strong><\/p>\n","protected":false},"excerpt":{"rendered":"<p>A Federa\u00e7\u00e3o das C\u00e2maras Municipais do Estado da Para\u00edba (FECAM-PB) promove nesta ter\u00e7a-feira, 17 de mar\u00e7o, uma reuni\u00e3o institucional com presidentes de C\u00e2maras Municipais de&hellip; <\/p>\n","protected":false},"author":6,"featured_media":311321,"comment_status":"closed","ping_status":"closed","sticky":false,"template":"","format":"standard","meta":{"sfsi_plus_gutenberg_text_before_share":"","sfsi_plus_gutenberg_show_text_before_share":"","sfsi_plus_gutenberg_icon_type":"","sfsi_plus_gutenberg_icon_alignemt":"","sfsi_plus_gutenburg_max_per_row":"","footnotes":""},"categories":[50,104],"tags":[],"class_list":["post-311320","post","type-post","status-publish","format-standard","has-post-thumbnail","hentry","category-destaque","category-paraiba"],"_links":{"self":[{"href":"https:\/\/www.caririemacao.com\/1\/wp-json\/wp\/v2\/posts\/311320","targetHints":{"allow":["GET"]}}],"collection":[{"href":"https:\/\/www.caririemacao.com\/1\/wp-json\/wp\/v2\/posts"}],"about":[{"href":"https:\/\/www.caririemacao.com\/1\/wp-json\/wp\/v2\/types\/post"}],"author":[{"embeddable":true,"href":"https:\/\/www.caririemacao.com\/1\/wp-json\/wp\/v2\/users\/6"}],"replies":[{"embeddable":true,"href":"https:\/\/www.caririemacao.com\/1\/wp-json\/wp\/v2\/comments?post=311320"}],"version-history":[{"count":1,"href":"https:\/\/www.caririemacao.com\/1\/wp-json\/wp\/v2\/posts\/311320\/revisions"}],"predecessor-version":[{"id":311322,"href":"https:\/\/www.caririemacao.com\/1\/wp-json\/wp\/v2\/posts\/311320\/revisions\/311322"}],"wp:featuredmedia":[{"embeddable":true,"href":"https:\/\/www.caririemacao.com\/1\/wp-json\/wp\/v2\/media\/311321"}],"wp:attachment":[{"href":"https:\/\/www.caririemacao.com\/1\/wp-json\/wp\/v2\/media?parent=311320"}],"wp:term":[{"taxonomy":"category","embeddable":true,"href":"https:\/\/www.caririemacao.com\/1\/wp-json\/wp\/v2\/categories?post=311320"},{"taxonomy":"post_tag","embeddable":true,"href":"https:\/\/www.caririemacao.com\/1\/wp-json\/wp\/v2\/tags?post=311320"}],"curies":[{"name":"wp","href":"https:\/\/api.w.org\/{rel}","templated":true}]}}