{"id":311323,"date":"2026-03-16T14:24:39","date_gmt":"2026-03-16T17:24:39","guid":{"rendered":"https:\/\/www.caririemacao.com\/1\/?p=311323"},"modified":"2026-03-16T14:24:39","modified_gmt":"2026-03-16T17:24:39","slug":"sao-joao-de-patos-2026-tera-wesley-safadao-bell-marques-e-gusttavo-lima-veja","status":"publish","type":"post","link":"https:\/\/www.caririemacao.com\/1\/2026\/03\/16\/sao-joao-de-patos-2026-tera-wesley-safadao-bell-marques-e-gusttavo-lima-veja\/","title":{"rendered":"S\u00e3o Jo\u00e3o de Patos 2026 ter\u00e1 Wesley Safad\u00e3o, Bell Marques e Gusttavo Lima; veja"},"content":{"rendered":"<p data-start=\"163\" data-end=\"598\">A Prefeitura de Patos anunciou, nesta segunda-feira (16), a programa\u00e7\u00e3o do S\u00e3o Jo\u00e3o de Patos 2026, que acontecer\u00e1 entre os dias 14 e 23 de junho.<\/p>\n<p data-start=\"163\" data-end=\"598\">Entre os destaques est\u00e3o Bell Marques, que abre a festa no dia 14. Wesley Safad\u00e3o e Nattan, que trazem o melhor do forr\u00f3 no dia 21. Al\u00e9m do fen\u00f4meno do sertanejo Gusttavo Lima, que encerra o evento no dia 23 ao lado de Calcinha Preta e Mari Fernandez.<\/p>\n<p data-start=\"163\" data-end=\"598\">Outros nomes de peso, como Xand Avi\u00e3o, Z\u00e9 Vaqueiro, Simone Mendes e Felipe Amorim, completam a programa\u00e7\u00e3o.<\/p>\n<p data-start=\"163\" data-end=\"598\">Com o tema \u201c\u00c9 da gente, \u00e9 do Brasil\u201d, o evento promete unir m\u00fasica, cultura regional e a emo\u00e7\u00e3o da Copa do Mundo, j\u00e1 que dois jogos da competi\u00e7\u00e3o ser\u00e3o transmitidos durante os festejos, permitindo que a torcida brasileira acompanhe as partidas ao mesmo tempo em que curte os shows.<\/p>\n<p data-start=\"600\" data-end=\"876\">A edi\u00e7\u00e3o deste ano contar\u00e1 com grandes nomes da m\u00fasica nacional, al\u00e9m de artistas locais que abrir\u00e3o as apresenta\u00e7\u00f5es. Entre as atra\u00e7\u00f5es regionais confirmadas est\u00e3o Cicinho Lima, Isabela Fernandes, Sanara Show, Rafael Dono, entre outros talentos da regi\u00e3o.<\/p>\n<p data-section-id=\"17biyyk\" data-start=\"1132\" data-end=\"1181\"><strong>Confira a programa\u00e7\u00e3o oficial do S\u00e3o Jo\u00e3o de Patos 2026:<\/strong><\/p>\n<p data-start=\"1185\" data-end=\"1225\"><strong data-start=\"1185\" data-end=\"1210\">\u2013 Domingo, 14 de junho:<\/strong>\u00a0Bell Marques<\/p>\n<p data-start=\"1228\" data-end=\"1293\"><strong data-start=\"1228\" data-end=\"1251\">\u2013 Sexta, 19 de junho:<\/strong>\u00a0Henry Freitas, Xand Avi\u00e3o e Z\u00e9 Vaqueiro<\/p>\n<p data-start=\"1296\" data-end=\"1366\"><strong data-start=\"1296\" data-end=\"1320\">\u2013 S\u00e1bado, 20 de junho:<\/strong>\u00a0Menos \u00e9 Mais, Simone Mendes e Felipe Amorim<\/p>\n<p data-start=\"1369\" data-end=\"1436\"><strong data-start=\"1369\" data-end=\"1394\">\u2013 Domingo, 21 de junho:<\/strong>\u00a0Nattan, Wesley Safad\u00e3o e N\u00fazio Medeiros<\/p>\n<p data-start=\"1439\" data-end=\"1526\"><strong data-start=\"1439\" data-end=\"1464\">\u2013 Segunda, 22 de junho:<\/strong>\u00a0Dominguinho, Iguinho e Lulinha, L\u00e9o Foguete e Raynel Guedes<\/p>\n<p data-start=\"1529\" data-end=\"1601\"><strong data-start=\"1529\" data-end=\"1552\">\u2013 Ter\u00e7a, 23 de junho:<\/strong>\u00a0Gusttavo Lima, Calcinha Preta e Mari Fernandez<\/p>\n<p data-start=\"1529\" data-end=\"1601\">MaisPB<\/p>\n","protected":false},"excerpt":{"rendered":"<p>A Prefeitura de Patos anunciou, nesta segunda-feira (16), a programa\u00e7\u00e3o do S\u00e3o Jo\u00e3o de Patos 2026, que acontecer\u00e1 entre os dias 14 e 23 de&hellip; <\/p>\n","protected":false},"author":6,"featured_media":311324,"comment_status":"closed","ping_status":"closed","sticky":false,"template":"","format":"standard","meta":{"sfsi_plus_gutenberg_text_before_share":"","sfsi_plus_gutenberg_show_text_before_share":"","sfsi_plus_gutenberg_icon_type":"","sfsi_plus_gutenberg_icon_alignemt":"","sfsi_plus_gutenburg_max_per_row":"","footnotes":""},"categories":[50,2,145],"tags":[],"class_list":["post-311323","post","type-post","status-publish","format-standard","has-post-thumbnail","hentry","category-destaque","category-geral","category-patos"],"_links":{"self":[{"href":"https:\/\/www.caririemacao.com\/1\/wp-json\/wp\/v2\/posts\/311323","targetHints":{"allow":["GET"]}}],"collection":[{"href":"https:\/\/www.caririemacao.com\/1\/wp-json\/wp\/v2\/posts"}],"about":[{"href":"https:\/\/www.caririemacao.com\/1\/wp-json\/wp\/v2\/types\/post"}],"author":[{"embeddable":true,"href":"https:\/\/www.caririemacao.com\/1\/wp-json\/wp\/v2\/users\/6"}],"replies":[{"embeddable":true,"href":"https:\/\/www.caririemacao.com\/1\/wp-json\/wp\/v2\/comments?post=311323"}],"version-history":[{"count":1,"href":"https:\/\/www.caririemacao.com\/1\/wp-json\/wp\/v2\/posts\/311323\/revisions"}],"predecessor-version":[{"id":311325,"href":"https:\/\/www.caririemacao.com\/1\/wp-json\/wp\/v2\/posts\/311323\/revisions\/311325"}],"wp:featuredmedia":[{"embeddable":true,"href":"https:\/\/www.caririemacao.com\/1\/wp-json\/wp\/v2\/media\/311324"}],"wp:attachment":[{"href":"https:\/\/www.caririemacao.com\/1\/wp-json\/wp\/v2\/media?parent=311323"}],"wp:term":[{"taxonomy":"category","embeddable":true,"href":"https:\/\/www.caririemacao.com\/1\/wp-json\/wp\/v2\/categories?post=311323"},{"taxonomy":"post_tag","embeddable":true,"href":"https:\/\/www.caririemacao.com\/1\/wp-json\/wp\/v2\/tags?post=311323"}],"curies":[{"name":"wp","href":"https:\/\/api.w.org\/{rel}","templated":true}]}}