{"id":311326,"date":"2026-03-16T14:29:55","date_gmt":"2026-03-16T17:29:55","guid":{"rendered":"https:\/\/www.caririemacao.com\/1\/?p=311326"},"modified":"2026-03-16T14:29:55","modified_gmt":"2026-03-16T17:29:55","slug":"barra-de-sao-miguel-tradicao-cultura-e-belezas-naturais-agora-no-mapa-do-turismo-brasileiro","status":"publish","type":"post","link":"https:\/\/www.caririemacao.com\/1\/2026\/03\/16\/barra-de-sao-miguel-tradicao-cultura-e-belezas-naturais-agora-no-mapa-do-turismo-brasileiro\/","title":{"rendered":"Barra de S\u00e3o Miguel: tradi\u00e7\u00e3o, cultura e belezas naturais agora no Mapa do Turismo Brasileiro"},"content":{"rendered":"<p>O munic\u00edpio de Barra de S\u00e3o Miguel celebra um novo marco em sua trajet\u00f3ria de desenvolvimento: a cidade agora integra oficialmente o Mapa do Turismo Brasileiro, iniciativa do Minist\u00e9rio do Turismo que re\u00fane destinos com potencial tur\u00edstico e comprometidos com o fortalecimento do setor.<\/p>\n<p>O reconhecimento confirma que o munic\u00edpio segue no caminho certo ao investir em pol\u00edticas p\u00fablicas estruturadas, planejamento estrat\u00e9gico e valoriza\u00e7\u00e3o de suas riquezas naturais, culturais e hist\u00f3ricas. Mais do que um t\u00edtulo, a inser\u00e7\u00e3o no mapa representa novas oportunidades para o crescimento sustent\u00e1vel da cidade.<\/p>\n<h3 class=\"wp-block-heading\"><strong>Avan\u00e7os para o munic\u00edpio<\/strong><\/h3>\n<p>A inclus\u00e3o de Barra de S\u00e3o Miguel no Mapa do Turismo Brasileiro traz impactos diretos e estrat\u00e9gicos para o desenvolvimento da cidade.<\/p>\n<p><strong>Mais acesso a recursos federais<\/strong><\/p>\n<p>O munic\u00edpio passa a ter prioridade em programas do Minist\u00e9rio do Turismo, podendo pleitear verbas para obras de infraestrutura tur\u00edstica, qualifica\u00e7\u00e3o de servi\u00e7os e fortalecimento de projetos voltados ao setor.<\/p>\n<p><strong>Atra\u00e7\u00e3o de investimentos<\/strong><\/p>\n<p>Com reconhecimento oficial, Barra de S\u00e3o Miguel se torna mais atrativa para investidores e empreendedores interessados em hot\u00e9is, pousadas, restaurantes, ag\u00eancias de turismo e servi\u00e7os ligados \u00e0 economia criativa.<\/p>\n<p><strong>Gera\u00e7\u00e3o de emprego e renda<\/strong><\/p>\n<p>O turismo movimenta uma ampla cadeia produtiva, transporte, alimenta\u00e7\u00e3o, hospedagem, artesanato e eventos, criando novas oportunidades de trabalho e fortalecendo o com\u00e9rcio local.<\/p>\n<p><strong>Fortalecimento do turismo regional<\/strong><\/p>\n<p>A cidade passa a integrar rotas e roteiros tur\u00edsticos oficiais, trabalhando de forma articulada com munic\u00edpios vizinhos e ampliando o fluxo de visitantes na regi\u00e3o.<\/p>\n<p><strong>Mais visibilidade nacional<\/strong><\/p>\n<p>Estar no mapa coloca o munic\u00edpio em destaque em plataformas institucionais e materiais promocionais do governo federal, aumentando sua divulga\u00e7\u00e3o para turistas de todo o pa\u00eds.<\/p>\n<p><strong>Planejamento e organiza\u00e7\u00e3o do setor<\/strong><\/p>\n<p>A inser\u00e7\u00e3o exige estrutura\u00e7\u00e3o da gest\u00e3o tur\u00edstica, incentivando planejamento cont\u00ednuo, cria\u00e7\u00e3o de pol\u00edticas p\u00fablicas e participa\u00e7\u00e3o ativa da sociedade nas decis\u00f5es.<\/p>\n<h3 class=\"wp-block-heading\"><strong>Nova fase para o turismo municipal<\/strong><\/h3>\n<p>Criada recentemente na gest\u00e3o do prefeito Jo\u00e3o Paulo Fran\u00e7a, a Secretaria Executiva de Turismo j\u00e1 iniciou suas atividades com a\u00e7\u00f5es estruturantes. A pasta realizou visitas t\u00e9cnicas a importantes pontos tur\u00edsticos da cidade, dando in\u00edcio ao levantamento de dados e ao planejamento das primeiras iniciativas oficiais, como tamb\u00e9m j\u00e1 implementou o Conselho Municipal de Turismo, com a elei\u00e7\u00e3o de presidente, vice-presidente e secret\u00e1rio.<\/p>\n<p>O momento marcou um passo importante para a organiza\u00e7\u00e3o do setor e para o fortalecimento da participa\u00e7\u00e3o coletiva nas decis\u00f5es estrat\u00e9gicas. Mesmo sendo uma secretaria rec\u00e9m-criada, o trabalho avan\u00e7a com dedica\u00e7\u00e3o e compromisso em valorizar as belezas naturais, a cultura local e todo o potencial tur\u00edstico do munic\u00edpio.<\/p>\n<p>A Secretaria Executiva de Turismo, em parceria com a Secretaria de Cultura, refor\u00e7a que este \u00e9 apenas o come\u00e7o de um novo tempo para o turismo da cidade. Barra de S\u00e3o Miguel segue firme, mostrando ao Brasil tudo o que tem de melhor: paisagens encantadoras, cultura viva e o acolhimento caloroso do seu povo.<\/p>\n","protected":false},"excerpt":{"rendered":"<p>O munic\u00edpio de Barra de S\u00e3o Miguel celebra um novo marco em sua trajet\u00f3ria de desenvolvimento: a cidade agora integra oficialmente o Mapa do Turismo&hellip; <\/p>\n","protected":false},"author":6,"featured_media":311328,"comment_status":"closed","ping_status":"closed","sticky":false,"template":"","format":"standard","meta":{"sfsi_plus_gutenberg_text_before_share":"","sfsi_plus_gutenberg_show_text_before_share":"","sfsi_plus_gutenberg_icon_type":"","sfsi_plus_gutenberg_icon_alignemt":"","sfsi_plus_gutenburg_max_per_row":"","footnotes":""},"categories":[144,50,2,1],"tags":[],"class_list":["post-311326","post","type-post","status-publish","format-standard","has-post-thumbnail","hentry","category-barra-de-sao-miguel","category-destaque","category-geral","category-o-site"],"_links":{"self":[{"href":"https:\/\/www.caririemacao.com\/1\/wp-json\/wp\/v2\/posts\/311326","targetHints":{"allow":["GET"]}}],"collection":[{"href":"https:\/\/www.caririemacao.com\/1\/wp-json\/wp\/v2\/posts"}],"about":[{"href":"https:\/\/www.caririemacao.com\/1\/wp-json\/wp\/v2\/types\/post"}],"author":[{"embeddable":true,"href":"https:\/\/www.caririemacao.com\/1\/wp-json\/wp\/v2\/users\/6"}],"replies":[{"embeddable":true,"href":"https:\/\/www.caririemacao.com\/1\/wp-json\/wp\/v2\/comments?post=311326"}],"version-history":[{"count":1,"href":"https:\/\/www.caririemacao.com\/1\/wp-json\/wp\/v2\/posts\/311326\/revisions"}],"predecessor-version":[{"id":311327,"href":"https:\/\/www.caririemacao.com\/1\/wp-json\/wp\/v2\/posts\/311326\/revisions\/311327"}],"wp:featuredmedia":[{"embeddable":true,"href":"https:\/\/www.caririemacao.com\/1\/wp-json\/wp\/v2\/media\/311328"}],"wp:attachment":[{"href":"https:\/\/www.caririemacao.com\/1\/wp-json\/wp\/v2\/media?parent=311326"}],"wp:term":[{"taxonomy":"category","embeddable":true,"href":"https:\/\/www.caririemacao.com\/1\/wp-json\/wp\/v2\/categories?post=311326"},{"taxonomy":"post_tag","embeddable":true,"href":"https:\/\/www.caririemacao.com\/1\/wp-json\/wp\/v2\/tags?post=311326"}],"curies":[{"name":"wp","href":"https:\/\/api.w.org\/{rel}","templated":true}]}}