{"id":311329,"date":"2026-03-16T17:38:26","date_gmt":"2026-03-16T20:38:26","guid":{"rendered":"https:\/\/www.caririemacao.com\/1\/?p=311329"},"modified":"2026-03-16T17:38:26","modified_gmt":"2026-03-16T20:38:26","slug":"prefeitura-de-sao-domingos-do-cariri-anuncia-atracoes-para-a-festa-de-32-anos-de-emancipacao-politica","status":"publish","type":"post","link":"https:\/\/www.caririemacao.com\/1\/2026\/03\/16\/prefeitura-de-sao-domingos-do-cariri-anuncia-atracoes-para-a-festa-de-32-anos-de-emancipacao-politica\/","title":{"rendered":"Prefeitura de S\u00e3o Domingos do Cariri anuncia atra\u00e7\u00f5es para a festa de 32 anos de Emancipa\u00e7\u00e3o Pol\u00edtica"},"content":{"rendered":"<p>A Prefeitura de S\u00e3o Domingos do Cariri anunciou oficialmente as atra\u00e7\u00f5es musicais que ir\u00e3o animar a comemora\u00e7\u00e3o dos 32 anos de emancipa\u00e7\u00e3o pol\u00edtica do munic\u00edpio, celebrados no pr\u00f3ximo dia 1\u00ba de maio.<\/p>\n<p>A programa\u00e7\u00e3o promete reunir grande p\u00fablico e movimentar a cidade com shows a partir das 20:00 horas com artistas conhecidos do p\u00fablico. Entre as atra\u00e7\u00f5es confirmadas est\u00e3o Jap\u00e3ozin, Caninana e Forr\u00f3 Universit\u00e1rio, que levar\u00e3o muito forr\u00f3 e anima\u00e7\u00e3o para celebrar a importante data para o munic\u00edpio.<\/p>\n<p>O evento faz parte das comemora\u00e7\u00f5es tradicionais da cidade e dever\u00e1 contar com uma grande estrutura para receber moradores e visitantes da regi\u00e3o do Cariri paraibano. A festa \u00e9 aguardada com expectativa pela popula\u00e7\u00e3o, que todos os anos participa das celebra\u00e7\u00f5es que marcam o anivers\u00e1rio da cidade.<\/p>\n<p>De acordo com a gest\u00e3o municipal, a comemora\u00e7\u00e3o tem como objetivo valorizar a cultura, promover lazer para a popula\u00e7\u00e3o e fortalecer a economia local, atraindo visitantes e movimentando o com\u00e9rcio.<\/p>\n","protected":false},"excerpt":{"rendered":"<p>A Prefeitura de S\u00e3o Domingos do Cariri anunciou oficialmente as atra\u00e7\u00f5es musicais que ir\u00e3o animar a comemora\u00e7\u00e3o dos 32 anos de emancipa\u00e7\u00e3o pol\u00edtica do munic\u00edpio,&hellip; <\/p>\n","protected":false},"author":6,"featured_media":311330,"comment_status":"closed","ping_status":"closed","sticky":false,"template":"","format":"standard","meta":{"sfsi_plus_gutenberg_text_before_share":"","sfsi_plus_gutenberg_show_text_before_share":"","sfsi_plus_gutenberg_icon_type":"","sfsi_plus_gutenberg_icon_alignemt":"","sfsi_plus_gutenburg_max_per_row":"","footnotes":""},"categories":[50,2,87],"tags":[],"class_list":["post-311329","post","type-post","status-publish","format-standard","has-post-thumbnail","hentry","category-destaque","category-geral","category-sao-domingos-do-cariri"],"_links":{"self":[{"href":"https:\/\/www.caririemacao.com\/1\/wp-json\/wp\/v2\/posts\/311329","targetHints":{"allow":["GET"]}}],"collection":[{"href":"https:\/\/www.caririemacao.com\/1\/wp-json\/wp\/v2\/posts"}],"about":[{"href":"https:\/\/www.caririemacao.com\/1\/wp-json\/wp\/v2\/types\/post"}],"author":[{"embeddable":true,"href":"https:\/\/www.caririemacao.com\/1\/wp-json\/wp\/v2\/users\/6"}],"replies":[{"embeddable":true,"href":"https:\/\/www.caririemacao.com\/1\/wp-json\/wp\/v2\/comments?post=311329"}],"version-history":[{"count":1,"href":"https:\/\/www.caririemacao.com\/1\/wp-json\/wp\/v2\/posts\/311329\/revisions"}],"predecessor-version":[{"id":311331,"href":"https:\/\/www.caririemacao.com\/1\/wp-json\/wp\/v2\/posts\/311329\/revisions\/311331"}],"wp:featuredmedia":[{"embeddable":true,"href":"https:\/\/www.caririemacao.com\/1\/wp-json\/wp\/v2\/media\/311330"}],"wp:attachment":[{"href":"https:\/\/www.caririemacao.com\/1\/wp-json\/wp\/v2\/media?parent=311329"}],"wp:term":[{"taxonomy":"category","embeddable":true,"href":"https:\/\/www.caririemacao.com\/1\/wp-json\/wp\/v2\/categories?post=311329"},{"taxonomy":"post_tag","embeddable":true,"href":"https:\/\/www.caririemacao.com\/1\/wp-json\/wp\/v2\/tags?post=311329"}],"curies":[{"name":"wp","href":"https:\/\/api.w.org\/{rel}","templated":true}]}}